{"id":253201,"date":"2024-08-31T10:42:09","date_gmt":"2024-08-31T10:42:09","guid":{"rendered":"https:\/\/ami.mr\/fr\/?p=253201"},"modified":"2024-09-02T08:59:22","modified_gmt":"2024-09-02T08:59:22","slug":"le-ministre-de-leconomie-et-des-finances-se-rend-en-indonesie","status":"publish","type":"post","link":"https:\/\/ami.mr\/fr\/archives\/253201","title":{"rendered":"Le ministre de l\u2019\u00c9conomie et des Finances se rend en Indon\u00e9sie"},"content":{"rendered":"<p>Le ministre de l\u2019\u00c9conomie et des Finances, M. Sid&#8217;Ahmed Bouh, a quitt\u00e9 Nouakchott samedi matin \u00e0 destination de Bali, en Indon\u00e9sie, pour repr\u00e9senter Son Excellence le Pr\u00e9sident de la R\u00e9publique et Pr\u00e9sident de l&#8217;Union africaine, M. Mohamed Ould Cheikh El Ghazouani, \u00e0 la 2\u00e8me \u00e9dition de Indonesia-Africa Forum \u2013IAF- du 02 au 03 Septembre 2024 \u00e0 Bali -Indon\u00e9sie<\/p>\n<p>Du 3 au 6 septembre \u00e0 P\u00e9kin, le ministre participera \u00e9galement \u00e0 la 9e r\u00e9union minist\u00e9rielle et au sommet du Forum sur la coop\u00e9ration sino-africaine (FCSA).<\/p>\n<p>Le ministre est accompagn\u00e9 de M. Moustapha Sidi Mohamed, Conseiller au minist\u00e8re, et de M. Mohamed Salem Nani, Directeur G\u00e9n\u00e9ral des Finances et de la Coop\u00e9ration \u00c9conomique.<\/p>\n","protected":false},"excerpt":{"rendered":"<p>Le ministre de l\u2019\u00c9conomie et des Finances, M. Sid&#8217;Ahmed Bouh, a quitt\u00e9 Nouakchott samedi matin \u00e0 destination de Bali, en Indon\u00e9sie, pour repr\u00e9senter Son Excellence le Pr\u00e9sident de la R\u00e9publique et Pr\u00e9sident de l&#8217;Union africaine, M. Mohamed Ould Cheikh El Ghazouani, \u00e0 la 2\u00e8me \u00e9dition de Indonesia-Africa Forum \u2013IAF- du 02 au 03 Septembre 2024 [&hellip;]<\/p>\n","protected":false},"author":18,"featured_media":253263,"comment_status":"open","ping_status":"open","sticky":false,"template":"","format":"standard","meta":{"footnotes":""},"categories":[63918,63957,63959],"tags":[],"class_list":["post-253201","post","type-post","status-publish","format-standard","has-post-thumbnail","hentry","category-autres","category-fil-dactualite","category-mauritanie"],"_links":{"self":[{"href":"https:\/\/ami.mr\/fr\/wp-json\/wp\/v2\/posts\/253201","targetHints":{"allow":["GET"]}}],"collection":[{"href":"https:\/\/ami.mr\/fr\/wp-json\/wp\/v2\/posts"}],"about":[{"href":"https:\/\/ami.mr\/fr\/wp-json\/wp\/v2\/types\/post"}],"author":[{"embeddable":true,"href":"https:\/\/ami.mr\/fr\/wp-json\/wp\/v2\/users\/18"}],"replies":[{"embeddable":true,"href":"https:\/\/ami.mr\/fr\/wp-json\/wp\/v2\/comments?post=253201"}],"version-history":[{"count":1,"href":"https:\/\/ami.mr\/fr\/wp-json\/wp\/v2\/posts\/253201\/revisions"}],"predecessor-version":[{"id":253203,"href":"https:\/\/ami.mr\/fr\/wp-json\/wp\/v2\/posts\/253201\/revisions\/253203"}],"wp:featuredmedia":[{"embeddable":true,"href":"https:\/\/ami.mr\/fr\/wp-json\/wp\/v2\/media\/253263"}],"wp:attachment":[{"href":"https:\/\/ami.mr\/fr\/wp-json\/wp\/v2\/media?parent=253201"}],"wp:term":[{"taxonomy":"category","embeddable":true,"href":"https:\/\/ami.mr\/fr\/wp-json\/wp\/v2\/categories?post=253201"},{"taxonomy":"post_tag","embeddable":true,"href":"https:\/\/ami.mr\/fr\/wp-json\/wp\/v2\/tags?post=253201"}],"curies":[{"name":"wp","href":"https:\/\/api.w.org\/{rel}","templated":true}]}}