{"id":253198,"date":"2024-08-30T23:41:08","date_gmt":"2024-08-30T23:41:08","guid":{"rendered":"https:\/\/ami.mr\/fr\/?p=253198"},"modified":"2024-08-30T23:41:49","modified_gmt":"2024-08-30T23:41:49","slug":"le-premier-ministre-preside-une-reunion-du-comite-ministeriel-charge-de-preparer-lentree-a-lecole-et-a-luniversite","status":"publish","type":"post","link":"https:\/\/ami.mr\/fr\/archives\/253198","title":{"rendered":"Le Premier ministre pr\u00e9side une r\u00e9union du comit\u00e9 minist\u00e9riel charg\u00e9 de pr\u00e9parer l&#8217;entr\u00e9e \u00e0 l&#8217;\u00e9cole et \u00e0 l&#8217;universit\u00e9"},"content":{"rendered":"<div class=\"cell auto-size\">\n<div class=\"set-border bd-gray padding10 margin10 no-margin-right no-margin-left \" dir=\"ltr\">\n<p>Dans le cadre des pr\u00e9paratifs des rentr\u00e9es scolaires et universitaires 2024-2025, le Premier ministre Mokhtar Ould Diay a pr\u00e9sid\u00e9 jeudi \u00e0 la Primature une r\u00e9union d&#8217;un comit\u00e9 minist\u00e9riel pour la pr\u00e9paration des prochaines rentr\u00e9es scolaires et universitaires. La r\u00e9union a examin\u00e9 une pr\u00e9sentation faite par le d\u00e9partement de l&#8217;\u00e9ducation sur les mesures pr\u00e9paratoires prises \u00e0 cet effet.<\/p>\n<p>Le comit\u00e9 a identifi\u00e9 l&#8217;ensemble des mesures qui seront mises en \u0153uvre pour accompagner les r\u00e9formes visant \u00e0 asseoir l&#8217;\u00e9cole r\u00e9publicaine, destin\u00e9e \u00e0 assurer l&#8217;harmonie et la coh\u00e9sion entre les composantes de notre soci\u00e9t\u00e9 et \u00e0 consolider les fondements de l&#8217;unit\u00e9 nationale, en application des directives de S.E. le Pr\u00e9sident de la R\u00e9publique Mohamed Ould Cheikh El Ghazouani.<\/p>\n<p>En conclusion, le Premier ministre a charg\u00e9 le minist\u00e8re concern\u00e9 de dresser un \u00e9tat des lieux exhaustif de la r\u00e9alit\u00e9 de nos institutions \u00e9ducatives apr\u00e8s la saison des pluies de cette ann\u00e9e, de pr\u00e9parer la carte scolaire et de la soumettre au comit\u00e9 minist\u00e9riel lors de sa prochaine r\u00e9union, avec une proposition d&#8217;intervention pour am\u00e9liorer le cadre dans lequel se d\u00e9roule le processus \u00e9ducatif, de redoubler d&#8217;efforts pour \u00e9lever le rendement de notre syst\u00e8me \u00e9ducatif et de poursuivre la coordination avec les conseils r\u00e9gionaux et municipaux pour renforcer la d\u00e9centralisation de la gestion de nos \u00e9tablissements \u00e9ducatifs.<\/p>\n<p>&nbsp;<\/p>\n<p>&nbsp;<\/p>\n<\/div>\n<\/div>\n","protected":false},"excerpt":{"rendered":"<p>Dans le cadre des pr\u00e9paratifs des rentr\u00e9es scolaires et universitaires 2024-2025, le Premier ministre Mokhtar Ould Diay a pr\u00e9sid\u00e9 jeudi \u00e0 la Primature une r\u00e9union d&#8217;un comit\u00e9 minist\u00e9riel pour la pr\u00e9paration des prochaines rentr\u00e9es scolaires et universitaires. La r\u00e9union a examin\u00e9 une pr\u00e9sentation faite par le d\u00e9partement de l&#8217;\u00e9ducation sur les mesures pr\u00e9paratoires prises \u00e0 [&hellip;]<\/p>\n","protected":false},"author":13,"featured_media":253199,"comment_status":"open","ping_status":"open","sticky":false,"template":"","format":"standard","meta":{"footnotes":""},"categories":[63919,63957,63959,63921,63927],"tags":[],"class_list":["post-253198","post","type-post","status-publish","format-standard","has-post-thumbnail","hentry","category-choix-du-redacteur","category-fil-dactualite","category-mauritanie","category-slider-afficher","category-slider-mauritanie"],"_links":{"self":[{"href":"https:\/\/ami.mr\/fr\/wp-json\/wp\/v2\/posts\/253198","targetHints":{"allow":["GET"]}}],"collection":[{"href":"https:\/\/ami.mr\/fr\/wp-json\/wp\/v2\/posts"}],"about":[{"href":"https:\/\/ami.mr\/fr\/wp-json\/wp\/v2\/types\/post"}],"author":[{"embeddable":true,"href":"https:\/\/ami.mr\/fr\/wp-json\/wp\/v2\/users\/13"}],"replies":[{"embeddable":true,"href":"https:\/\/ami.mr\/fr\/wp-json\/wp\/v2\/comments?post=253198"}],"version-history":[{"count":1,"href":"https:\/\/ami.mr\/fr\/wp-json\/wp\/v2\/posts\/253198\/revisions"}],"predecessor-version":[{"id":253200,"href":"https:\/\/ami.mr\/fr\/wp-json\/wp\/v2\/posts\/253198\/revisions\/253200"}],"wp:featuredmedia":[{"embeddable":true,"href":"https:\/\/ami.mr\/fr\/wp-json\/wp\/v2\/media\/253199"}],"wp:attachment":[{"href":"https:\/\/ami.mr\/fr\/wp-json\/wp\/v2\/media?parent=253198"}],"wp:term":[{"taxonomy":"category","embeddable":true,"href":"https:\/\/ami.mr\/fr\/wp-json\/wp\/v2\/categories?post=253198"},{"taxonomy":"post_tag","embeddable":true,"href":"https:\/\/ami.mr\/fr\/wp-json\/wp\/v2\/tags?post=253198"}],"curies":[{"name":"wp","href":"https:\/\/api.w.org\/{rel}","templated":true}]}}