{"id":253068,"date":"2024-08-28T20:49:34","date_gmt":"2024-08-28T20:49:34","guid":{"rendered":"https:\/\/ami.mr\/fr\/?p=253068"},"modified":"2024-08-30T09:02:29","modified_gmt":"2024-08-30T09:02:29","slug":"serie-de-reunions-pour-ecouter-les-aspirations-des-jeunes-et-les-defis-confrontes","status":"publish","type":"post","link":"https:\/\/ami.mr\/fr\/archives\/253068","title":{"rendered":"S\u00e9rie de r\u00e9unions pour \u00e9couter les aspirations des jeunes et les d\u00e9fis confront\u00e9s"},"content":{"rendered":"<p>Le ministre de l&#8217;Autonomisation des Jeunes, de l&#8217;Emploi, des Sports et du Service civique, M. Mohamed Abdallahi Louly, a tenu mercredi soir au si\u00e8ge du Minist\u00e8re \u00e0 Nouakchott, des r\u00e9unions avec des groupes de jeunes pour \u00e9couter leurs opinions et aspirations et identifier les plus importants d\u00e9fis auxquels ils sont confront\u00e9s.<\/p>\n<p>Au cours de ces r\u00e9unions, le ministre a soulign\u00e9 que l&#8217;objectif de ces rencontres est d&#8217;\u00e9couter les jeunes, d&#8217;identifier leurs aspirations et leurs pr\u00e9occupations, et d&#8217;\u00e9changer les points de vue et les propositions sur les diff\u00e9rentes questions qui les concernent, afin de prendre les mesures n\u00e9cessaires pour faire avancer la promotion de cette frange.<\/p>\n<p>Les r\u00e9unions ont rassembl\u00e9 des responsables d&#8217;associations de jeunesse, des animateurs de jeunes \u00e2g\u00e9s de 18 \u00e0 25 ans et des jeunes actifs sur les m\u00e9dias sociaux.<\/p>\n<p>Les r\u00e9unions se sont d\u00e9roul\u00e9es en pr\u00e9sence du secr\u00e9taire g\u00e9n\u00e9ral du minist\u00e8re, M. Naji Ould Khattri, et d&#8217;un certain nombre de responsables du d\u00e9partement.<\/p>\n","protected":false},"excerpt":{"rendered":"<p>Le ministre de l&#8217;Autonomisation des Jeunes, de l&#8217;Emploi, des Sports et du Service civique, M. Mohamed Abdallahi Louly, a tenu mercredi soir au si\u00e8ge du Minist\u00e8re \u00e0 Nouakchott, des r\u00e9unions avec des groupes de jeunes pour \u00e9couter leurs opinions et aspirations et identifier les plus importants d\u00e9fis auxquels ils sont confront\u00e9s. Au cours de ces [&hellip;]<\/p>\n","protected":false},"author":5,"featured_media":253069,"comment_status":"open","ping_status":"open","sticky":false,"template":"","format":"standard","meta":{"footnotes":""},"categories":[63918,63957,63959],"tags":[],"class_list":["post-253068","post","type-post","status-publish","format-standard","has-post-thumbnail","hentry","category-autres","category-fil-dactualite","category-mauritanie"],"_links":{"self":[{"href":"https:\/\/ami.mr\/fr\/wp-json\/wp\/v2\/posts\/253068","targetHints":{"allow":["GET"]}}],"collection":[{"href":"https:\/\/ami.mr\/fr\/wp-json\/wp\/v2\/posts"}],"about":[{"href":"https:\/\/ami.mr\/fr\/wp-json\/wp\/v2\/types\/post"}],"author":[{"embeddable":true,"href":"https:\/\/ami.mr\/fr\/wp-json\/wp\/v2\/users\/5"}],"replies":[{"embeddable":true,"href":"https:\/\/ami.mr\/fr\/wp-json\/wp\/v2\/comments?post=253068"}],"version-history":[{"count":1,"href":"https:\/\/ami.mr\/fr\/wp-json\/wp\/v2\/posts\/253068\/revisions"}],"predecessor-version":[{"id":253070,"href":"https:\/\/ami.mr\/fr\/wp-json\/wp\/v2\/posts\/253068\/revisions\/253070"}],"wp:featuredmedia":[{"embeddable":true,"href":"https:\/\/ami.mr\/fr\/wp-json\/wp\/v2\/media\/253069"}],"wp:attachment":[{"href":"https:\/\/ami.mr\/fr\/wp-json\/wp\/v2\/media?parent=253068"}],"wp:term":[{"taxonomy":"category","embeddable":true,"href":"https:\/\/ami.mr\/fr\/wp-json\/wp\/v2\/categories?post=253068"},{"taxonomy":"post_tag","embeddable":true,"href":"https:\/\/ami.mr\/fr\/wp-json\/wp\/v2\/tags?post=253068"}],"curies":[{"name":"wp","href":"https:\/\/api.w.org\/{rel}","templated":true}]}}