{"id":253056,"date":"2024-08-28T18:33:26","date_gmt":"2024-08-28T18:33:26","guid":{"rendered":"https:\/\/ami.mr\/fr\/?p=253056"},"modified":"2024-08-28T18:33:26","modified_gmt":"2024-08-28T18:33:26","slug":"le-ministre-de-la-formation-professionnelle-recoit-lambassadeur-du-japon","status":"publish","type":"post","link":"https:\/\/ami.mr\/fr\/archives\/253056","title":{"rendered":"Le ministre de la formation professionnelle re\u00e7oit l&#8217;ambassadeur du Japon"},"content":{"rendered":"<p>Le ministre de la Formation professionnelle, de de l&#8217;artisanat et des m\u00e9tiers, Mohamed Maalainine Ould Eyih, a re\u00e7u mercredi en audience \u00e0 Nouakchott l&#8217;ambassadeur du Japon accr\u00e9dit\u00e9 en Mauritanie, S.E.M. Uchida Tatsuo Konev.<\/p>\n<p>Au cours de l&#8217;entrevue, les deux parties ont discut\u00e9 des relations de coop\u00e9ration existantes entre les deux pays et des moyens de les renforcer et de les d\u00e9velopper, notamment dans les domaines d&#8217;intervention du minist\u00e8re.<\/p>\n<p>La rencontre s&#8217;est d\u00e9roul\u00e9e en pr\u00e9sence du secr\u00e9taire g\u00e9n\u00e9ral du minist\u00e8re, M. Amadi Ould Taleb.<\/p>\n","protected":false},"excerpt":{"rendered":"<p>Le ministre de la Formation professionnelle, de de l&#8217;artisanat et des m\u00e9tiers, Mohamed Maalainine Ould Eyih, a re\u00e7u mercredi en audience \u00e0 Nouakchott l&#8217;ambassadeur du Japon accr\u00e9dit\u00e9 en Mauritanie, S.E.M. Uchida Tatsuo Konev. Au cours de l&#8217;entrevue, les deux parties ont discut\u00e9 des relations de coop\u00e9ration existantes entre les deux pays et des moyens de [&hellip;]<\/p>\n","protected":false},"author":5,"featured_media":253057,"comment_status":"open","ping_status":"open","sticky":false,"template":"","format":"standard","meta":{"footnotes":""},"categories":[63918,63957,63959],"tags":[],"class_list":["post-253056","post","type-post","status-publish","format-standard","has-post-thumbnail","hentry","category-autres","category-fil-dactualite","category-mauritanie"],"_links":{"self":[{"href":"https:\/\/ami.mr\/fr\/wp-json\/wp\/v2\/posts\/253056","targetHints":{"allow":["GET"]}}],"collection":[{"href":"https:\/\/ami.mr\/fr\/wp-json\/wp\/v2\/posts"}],"about":[{"href":"https:\/\/ami.mr\/fr\/wp-json\/wp\/v2\/types\/post"}],"author":[{"embeddable":true,"href":"https:\/\/ami.mr\/fr\/wp-json\/wp\/v2\/users\/5"}],"replies":[{"embeddable":true,"href":"https:\/\/ami.mr\/fr\/wp-json\/wp\/v2\/comments?post=253056"}],"version-history":[{"count":1,"href":"https:\/\/ami.mr\/fr\/wp-json\/wp\/v2\/posts\/253056\/revisions"}],"predecessor-version":[{"id":253058,"href":"https:\/\/ami.mr\/fr\/wp-json\/wp\/v2\/posts\/253056\/revisions\/253058"}],"wp:featuredmedia":[{"embeddable":true,"href":"https:\/\/ami.mr\/fr\/wp-json\/wp\/v2\/media\/253057"}],"wp:attachment":[{"href":"https:\/\/ami.mr\/fr\/wp-json\/wp\/v2\/media?parent=253056"}],"wp:term":[{"taxonomy":"category","embeddable":true,"href":"https:\/\/ami.mr\/fr\/wp-json\/wp\/v2\/categories?post=253056"},{"taxonomy":"post_tag","embeddable":true,"href":"https:\/\/ami.mr\/fr\/wp-json\/wp\/v2\/tags?post=253056"}],"curies":[{"name":"wp","href":"https:\/\/api.w.org\/{rel}","templated":true}]}}