{"id":253053,"date":"2024-08-28T18:04:58","date_gmt":"2024-08-28T18:04:58","guid":{"rendered":"https:\/\/ami.mr\/fr\/?p=253053"},"modified":"2024-08-28T18:04:58","modified_gmt":"2024-08-28T18:04:58","slug":"le-ministere-de-leducation-rencontre-des-representants-de-la-federation-du-commerce","status":"publish","type":"post","link":"https:\/\/ami.mr\/fr\/archives\/253053","title":{"rendered":"Le minist\u00e8re de l&#8217;Education rencontre des repr\u00e9sentants de la F\u00e9d\u00e9ration du commerce"},"content":{"rendered":"<p>Le secr\u00e9taire g\u00e9n\u00e9ral du minist\u00e8re de l\u2019\u00c9ducation nationale et de la r\u00e9forme du syst\u00e8me \u00e9ducatif, Yahya Ould Taleb, a tenu mardi, dans les locaux du minist\u00e8re, une s\u00e9ance de travail avec des responsables du d\u00e9partement et des repr\u00e9sentants de la F\u00e9d\u00e9ration du commerce, pour discuter des moyens de la fourniture des uniformes scolaires.<\/p>\n<p>La s\u00e9ance a port\u00e9 sur les moyens d&#8217;assurer l&#8217;approvisionnement des march\u00e9s nationaux en divers types d&#8217;uniformes scolaires, en quantit\u00e9 et en qualit\u00e9 requises, \u00e0 des prix comp\u00e9titifs, avant l&#8217;ouverture des \u00e9coles pr\u00e9vue le 7 octobre.<\/p>\n<p>Au cours de la r\u00e9union, le secr\u00e9taire g\u00e9n\u00e9ral a soulign\u00e9 l&#8217;importance de l&#8217;uniforme scolaire qui contribue \u00e0 l&#8217;harmonie du milieu scolaire et \u00e0 l&#8217;\u00e9radication des diff\u00e9rences sociales et mat\u00e9rielles entre les \u00e9l\u00e8ves, \u00e0 travers l&#8217;\u00e9cole r\u00e9publicaine d\u00e9cr\u00e9t\u00e9e par Son Excellence le Pr\u00e9sident de la R\u00e9publique, M. Mohamed Ould Cheikh El Ghazouani, et qui a constitu\u00e9 une tente nationale \u00e0 l&#8217;ombre de laquelle tout le monde est abrit\u00e9.<\/p>\n<p>Le secr\u00e9taire g\u00e9n\u00e9ral a ajout\u00e9 que toutes les composantes de la soci\u00e9t\u00e9 mauritanienne ont b\u00e9n\u00e9fici\u00e9 des services de cette \u00e9cole qui contribuera \u00e0 assurer un climat \u00e9ducatif caract\u00e9ris\u00e9 par le calme et la tranquillit\u00e9 et \u00e0 am\u00e9liorer le rendement scolaire des \u00e9l\u00e8ves et \u00e0 \u00e9lever leur niveau.<\/p>\n<p>Le secr\u00e9taire g\u00e9n\u00e9ral a indiqu\u00e9 que le temps qui reste avant l&#8217;ouverture de la prochaine ann\u00e9e scolaire n&#8217;est pas long, ce qui exige des commer\u00e7ants de d\u00e9ployer davantage d&#8217;efforts pour assurer l&#8217;importation \u00e0 temps des uniformes scolaires.<\/p>\n<p>Il a soulign\u00e9 \u00e0 cet \u00e9gard l&#8217;importance du respect de la qualit\u00e9, des d\u00e9lais sans compter des prix comp\u00e9titifs qui tiennent compte des conditions financi\u00e8res des parents et aident les commer\u00e7ants \u00e0 accomplir leur travail de la meilleure mani\u00e8re.<\/p>\n<p>Il a expliqu\u00e9 que le secteur s&#8217;est engag\u00e9 \u00e0 fournir gratuitement des uniformes scolaires aux \u00e9l\u00e8ves inscrits au registre social de la D\u00e9l\u00e9gation g\u00e9n\u00e9rale \u00e0 la solidarit\u00e9 nationale et \u00e0 la lutte contre l&#8217;exclusion (TAAZOUR).<\/p>\n<p>La r\u00e9union s&#8217;est d\u00e9roul\u00e9e en pr\u00e9sence d&#8217;un certain nombre de responsables et de fonctionnaires du secteur, de repr\u00e9sentants du syndicat des commer\u00e7ants et du pr\u00e9sident de la F\u00e9d\u00e9ration nationale des associations de parents d&#8217;\u00e9l\u00e8ves et d&#8217;\u00e9tudiants.<\/p>\n","protected":false},"excerpt":{"rendered":"<p>Le secr\u00e9taire g\u00e9n\u00e9ral du minist\u00e8re de l\u2019\u00c9ducation nationale et de la r\u00e9forme du syst\u00e8me \u00e9ducatif, Yahya Ould Taleb, a tenu mardi, dans les locaux du minist\u00e8re, une s\u00e9ance de travail avec des responsables du d\u00e9partement et des repr\u00e9sentants de la F\u00e9d\u00e9ration du commerce, pour discuter des moyens de la fourniture des uniformes scolaires. La s\u00e9ance [&hellip;]<\/p>\n","protected":false},"author":5,"featured_media":253054,"comment_status":"open","ping_status":"open","sticky":false,"template":"","format":"standard","meta":{"footnotes":""},"categories":[63918,63957,63959],"tags":[],"class_list":["post-253053","post","type-post","status-publish","format-standard","has-post-thumbnail","hentry","category-autres","category-fil-dactualite","category-mauritanie"],"_links":{"self":[{"href":"https:\/\/ami.mr\/fr\/wp-json\/wp\/v2\/posts\/253053","targetHints":{"allow":["GET"]}}],"collection":[{"href":"https:\/\/ami.mr\/fr\/wp-json\/wp\/v2\/posts"}],"about":[{"href":"https:\/\/ami.mr\/fr\/wp-json\/wp\/v2\/types\/post"}],"author":[{"embeddable":true,"href":"https:\/\/ami.mr\/fr\/wp-json\/wp\/v2\/users\/5"}],"replies":[{"embeddable":true,"href":"https:\/\/ami.mr\/fr\/wp-json\/wp\/v2\/comments?post=253053"}],"version-history":[{"count":1,"href":"https:\/\/ami.mr\/fr\/wp-json\/wp\/v2\/posts\/253053\/revisions"}],"predecessor-version":[{"id":253055,"href":"https:\/\/ami.mr\/fr\/wp-json\/wp\/v2\/posts\/253053\/revisions\/253055"}],"wp:featuredmedia":[{"embeddable":true,"href":"https:\/\/ami.mr\/fr\/wp-json\/wp\/v2\/media\/253054"}],"wp:attachment":[{"href":"https:\/\/ami.mr\/fr\/wp-json\/wp\/v2\/media?parent=253053"}],"wp:term":[{"taxonomy":"category","embeddable":true,"href":"https:\/\/ami.mr\/fr\/wp-json\/wp\/v2\/categories?post=253053"},{"taxonomy":"post_tag","embeddable":true,"href":"https:\/\/ami.mr\/fr\/wp-json\/wp\/v2\/tags?post=253053"}],"curies":[{"name":"wp","href":"https:\/\/api.w.org\/{rel}","templated":true}]}}