{"id":252520,"date":"2024-08-20T20:20:49","date_gmt":"2024-08-20T20:20:49","guid":{"rendered":"https:\/\/ami.mr\/fr\/?p=252520"},"modified":"2024-08-20T20:20:49","modified_gmt":"2024-08-20T20:20:49","slug":"le-ministre-des-mines-et-de-lindustrie-ordonne-la-creation-dun-comite-mixte-pour-le-developpement-du-secteur","status":"publish","type":"post","link":"https:\/\/ami.mr\/fr\/archives\/252520","title":{"rendered":"Le ministre des mines et de l&#8217;industrie ordonne la cr\u00e9ation d&#8217;un comit\u00e9 mixte pour le d\u00e9veloppement du secteur"},"content":{"rendered":"<div class=\"cell size-p10 padding20 no-padding-left no-padding-right no-padding-bottom\">Le ministre des mines et de l&#8217;industrie, M. Thiam Tidjani, a ordonn\u00e9 la formation d&#8217;un comit\u00e9 mixte entre le minist\u00e8re et la f\u00e9d\u00e9ration de l&#8217;industrie et des mines, afin d&#8217;identifier les probl\u00e8mes qui entravent le d\u00e9veloppement du secteur des mines et de l&#8217;industrie et d&#8217;y apporter des solutions rapides.<\/div>\n<div class=\"cell auto-size\">\n<div class=\"set-border bd-gray padding10 margin10 no-margin-right no-margin-left \" dir=\"ltr\">\n<p>Au cours d&#8217;une r\u00e9union tenue mardi apr\u00e8s-midi \u00e0 Nouakchott avec le pr\u00e9sident de l&#8217;union nationale du patronat mauritanien et un certain nombre d&#8217;acteurs du secteur des mines et de l&#8217;industrie, il a r\u00e9it\u00e9r\u00e9 la disponibilit\u00e9 du gouvernement \u00e0 les \u00e9couter et \u00e0 les consulter sur les questions soulev\u00e9es, afin de faire le n\u00e9cessaire pour promouvoir le secteur industriel.<\/p>\n<p>Le ministre a pr\u00e9cis\u00e9 que cette d\u00e9marche s&#8217;inscrit dans le cadre de la mise en \u0153uvre des directives de Son Excellence le Pr\u00e9sident de la R\u00e9publique, Monsieur Mohamed Ould Cheikh Ghazouani, visant \u00e0 d\u00e9velopper l&#8217;industrie pour accro\u00eetre sa contribution \u00e0 l&#8217;\u00e9conomie nationale.<\/p>\n<p>Pour sa part, le pr\u00e9sident de la f\u00e9d\u00e9ration du patronat mauritanien, M. Mohamed Zine El Abidine Ould Cheikh Ahmed, a exprim\u00e9 la disposition de la f\u00e9d\u00e9ration \u00e0 accompagner les mesures \u00e0 prendre par le minist\u00e8re dans le domaine de l&#8217;industrie en tant que pilier essentiel pour la promotion du d\u00e9veloppement \u00e9conomique de tout pays.<\/p>\n<\/div>\n<\/div>\n","protected":false},"excerpt":{"rendered":"<p>Le ministre des mines et de l&#8217;industrie, M. Thiam Tidjani, a ordonn\u00e9 la formation d&#8217;un comit\u00e9 mixte entre le minist\u00e8re et la f\u00e9d\u00e9ration de l&#8217;industrie et des mines, afin d&#8217;identifier les probl\u00e8mes qui entravent le d\u00e9veloppement du secteur des mines et de l&#8217;industrie et d&#8217;y apporter des solutions rapides. Au cours d&#8217;une r\u00e9union tenue mardi [&hellip;]<\/p>\n","protected":false},"author":5,"featured_media":252521,"comment_status":"open","ping_status":"open","sticky":false,"template":"","format":"standard","meta":{"footnotes":""},"categories":[63920,63957,63959],"tags":[],"class_list":["post-252520","post","type-post","status-publish","format-standard","has-post-thumbnail","hentry","category-a-la-une","category-fil-dactualite","category-mauritanie"],"_links":{"self":[{"href":"https:\/\/ami.mr\/fr\/wp-json\/wp\/v2\/posts\/252520","targetHints":{"allow":["GET"]}}],"collection":[{"href":"https:\/\/ami.mr\/fr\/wp-json\/wp\/v2\/posts"}],"about":[{"href":"https:\/\/ami.mr\/fr\/wp-json\/wp\/v2\/types\/post"}],"author":[{"embeddable":true,"href":"https:\/\/ami.mr\/fr\/wp-json\/wp\/v2\/users\/5"}],"replies":[{"embeddable":true,"href":"https:\/\/ami.mr\/fr\/wp-json\/wp\/v2\/comments?post=252520"}],"version-history":[{"count":1,"href":"https:\/\/ami.mr\/fr\/wp-json\/wp\/v2\/posts\/252520\/revisions"}],"predecessor-version":[{"id":252524,"href":"https:\/\/ami.mr\/fr\/wp-json\/wp\/v2\/posts\/252520\/revisions\/252524"}],"wp:featuredmedia":[{"embeddable":true,"href":"https:\/\/ami.mr\/fr\/wp-json\/wp\/v2\/media\/252521"}],"wp:attachment":[{"href":"https:\/\/ami.mr\/fr\/wp-json\/wp\/v2\/media?parent=252520"}],"wp:term":[{"taxonomy":"category","embeddable":true,"href":"https:\/\/ami.mr\/fr\/wp-json\/wp\/v2\/categories?post=252520"},{"taxonomy":"post_tag","embeddable":true,"href":"https:\/\/ami.mr\/fr\/wp-json\/wp\/v2\/tags?post=252520"}],"curies":[{"name":"wp","href":"https:\/\/api.w.org\/{rel}","templated":true}]}}