{"id":252514,"date":"2024-08-20T19:42:42","date_gmt":"2024-08-20T19:42:42","guid":{"rendered":"https:\/\/ami.mr\/fr\/?p=252514"},"modified":"2024-08-20T19:42:42","modified_gmt":"2024-08-20T19:42:42","slug":"reunion-du-comite-regional-charge-de-la-gestion-des-crises-au-niveau-du-gorgol","status":"publish","type":"post","link":"https:\/\/ami.mr\/fr\/archives\/252514","title":{"rendered":"R\u00e9union du comit\u00e9 r\u00e9gional charg\u00e9 de la gestion des crises au niveau du Gorgol"},"content":{"rendered":"<p>Le comit\u00e9 r\u00e9gional charg\u00e9 de la gestion des crises li\u00e9es \u00e0 la saison des pluies dans la wilaya du Gorgol a tenu une r\u00e9union, mardi apr\u00e8s-midi, \u00e0 Ka\u00e9di, pour passer en revue les interventions les plus importantes qu&#8217;il a \u00e9valu\u00e9es pour r\u00e9duire les catastrophes li\u00e9es aux pluies dans la wilaya.<\/p>\n<p>Ont particip\u00e9 \u00e0 cette r\u00e9union les responsables et les membres des commissions charg\u00e9es du suivi de la situation ainsi que des repr\u00e9sentants d&#8217;organisations nationales et \u00e9trang\u00e8res int\u00e9ress\u00e9es par cette question.<\/p>\n<p>Avant la r\u00e9union, la commission, pr\u00e9sid\u00e9e par le Wali du Gorgol, M. Ahmedna Ould Sidebe, a effectu\u00e9 une tourn\u00e9e dans les localit\u00e9s touch\u00e9es par les pluies, o\u00f9 elle a pris connaissance des d\u00e9g\u00e2ts subis par le pont \u00ab Birinaba \u00bb, qui est la seule route menant \u00e0 la ferme du village, et qui a \u00e9t\u00e9 r\u00e9par\u00e9 par la suite. Le comit\u00e9 a \u00e9galement visit\u00e9 les ponts endommag\u00e9s et certains quartiers r\u00e9sidentiels.<\/p>\n<p>Dans un discours prononc\u00e9 \u00e0 cette occasion, le wali a soulign\u00e9 que le comit\u00e9 r\u00e9gional charg\u00e9 de la gestion des crises se r\u00e9unit d\u00e9sormais en s\u00e9ance publique afin de prendre des mesures pour s\u00e9curiser les citoyens en cas d&#8217;inondations ou de toute autre catastrophe li\u00e9e \u00e0 la pluie.<\/p>\n<p>Il a ajout\u00e9 que tous les moyens disponibles ont \u00e9t\u00e9 mis \u00e0 la disposition des comit\u00e9s de gestion des urgences afin d&#8217;intervenir en temps opportun, notant que le comit\u00e9 r\u00e9gional a visit\u00e9 les endroits touch\u00e9s et a donn\u00e9 des instructions pour effectuer les r\u00e9parations n\u00e9cessaires avec les possibilit\u00e9s disponibles dans la wilaya, en particulier le pont \u00ab Birinaba \u00bb et l&#8217;\u00e9vacuation de l&#8217;eau de certaines r\u00e9sidences.<\/p>\n<p>En ce qui concerne les tron\u00e7ons de route qui ont \u00e9t\u00e9 endommag\u00e9s, en particulier les ponts sur la route entre Maqhama et Ka\u00e9di, le wali a d\u00e9clar\u00e9 que les autorit\u00e9s concern\u00e9es ont \u00e9t\u00e9 inform\u00e9es et qu&#8217;ils seront r\u00e9par\u00e9s prochainement.<\/p>\n<p>La r\u00e9union s&#8217;est d\u00e9roul\u00e9e en pr\u00e9sence de l&#8217;adjoint du wali, M. Mohamed Mahmoud Ould Mohamed Mokhtar, les conseillers dans la wilaya, de l&#8217;adjoint du hakem de Ka\u00e9di, du vice-pr\u00e9sident de la r\u00e9gion du Gorgol, des chefs de d\u00e9partements r\u00e9gionaux et des responsables s\u00e9curitaires.<\/p>\n","protected":false},"excerpt":{"rendered":"<p>Le comit\u00e9 r\u00e9gional charg\u00e9 de la gestion des crises li\u00e9es \u00e0 la saison des pluies dans la wilaya du Gorgol a tenu une r\u00e9union, mardi apr\u00e8s-midi, \u00e0 Ka\u00e9di, pour passer en revue les interventions les plus importantes qu&#8217;il a \u00e9valu\u00e9es pour r\u00e9duire les catastrophes li\u00e9es aux pluies dans la wilaya. Ont particip\u00e9 \u00e0 cette r\u00e9union [&hellip;]<\/p>\n","protected":false},"author":5,"featured_media":252515,"comment_status":"open","ping_status":"open","sticky":false,"template":"","format":"standard","meta":{"footnotes":""},"categories":[63918,63957,8672],"tags":[],"class_list":["post-252514","post","type-post","status-publish","format-standard","has-post-thumbnail","hentry","category-autres","category-fil-dactualite","category-8672"],"_links":{"self":[{"href":"https:\/\/ami.mr\/fr\/wp-json\/wp\/v2\/posts\/252514","targetHints":{"allow":["GET"]}}],"collection":[{"href":"https:\/\/ami.mr\/fr\/wp-json\/wp\/v2\/posts"}],"about":[{"href":"https:\/\/ami.mr\/fr\/wp-json\/wp\/v2\/types\/post"}],"author":[{"embeddable":true,"href":"https:\/\/ami.mr\/fr\/wp-json\/wp\/v2\/users\/5"}],"replies":[{"embeddable":true,"href":"https:\/\/ami.mr\/fr\/wp-json\/wp\/v2\/comments?post=252514"}],"version-history":[{"count":1,"href":"https:\/\/ami.mr\/fr\/wp-json\/wp\/v2\/posts\/252514\/revisions"}],"predecessor-version":[{"id":252516,"href":"https:\/\/ami.mr\/fr\/wp-json\/wp\/v2\/posts\/252514\/revisions\/252516"}],"wp:featuredmedia":[{"embeddable":true,"href":"https:\/\/ami.mr\/fr\/wp-json\/wp\/v2\/media\/252515"}],"wp:attachment":[{"href":"https:\/\/ami.mr\/fr\/wp-json\/wp\/v2\/media?parent=252514"}],"wp:term":[{"taxonomy":"category","embeddable":true,"href":"https:\/\/ami.mr\/fr\/wp-json\/wp\/v2\/categories?post=252514"},{"taxonomy":"post_tag","embeddable":true,"href":"https:\/\/ami.mr\/fr\/wp-json\/wp\/v2\/tags?post=252514"}],"curies":[{"name":"wp","href":"https:\/\/api.w.org\/{rel}","templated":true}]}}