{"id":252345,"date":"2024-08-16T19:01:48","date_gmt":"2024-08-16T19:01:48","guid":{"rendered":"https:\/\/ami.mr\/fr\/?p=252345"},"modified":"2024-08-16T19:01:48","modified_gmt":"2024-08-16T19:01:48","slug":"mise-en-service-de-nouveaux-groupes-electrogenes-dans-la-ville-de-nema","status":"publish","type":"post","link":"https:\/\/ami.mr\/fr\/archives\/252345","title":{"rendered":"Mise en service de nouveaux groupes \u00e9lectrog\u00e8nes dans la ville de N\u00e9ma"},"content":{"rendered":"<p>Le wali mou\u00e7aid du Hodh Chargui, wali par int\u00e9rim, M. Abderrahmane Ahmed Dade, a supervis\u00e9, vendredi, dans la ville de N\u00e9ma, en compagnie de M. Cheikhna Ould Elias, directeur g\u00e9n\u00e9ral de la soci\u00e9t\u00e9 de production et de transport du Groupe Somelec, la mise en service de trois nouveaux groupes \u00e9lectrog\u00e8nes de haute qualit\u00e9.<\/p>\n<p>La mise en service de ces groupes \u00e9lectrog\u00e8nes, qui s&#8217;inscrit dans le cadre du projet de renforcement de l&#8217;infrastructure \u00e9lectrique des villes de l&#8217;int\u00e9rieur, permettra de pallier le d\u00e9ficit de couverture \u00e9lectrique dont souffraient les villes de N\u00e9ma, Tembedgha, Amourj et Adel Bagrou, qui connaissaient de fr\u00e9quentes interruptions de service en raison de la faible production de la Centrale Hybride de N\u00e9ma et de la forte demande, notamment durant la saison estivale.<\/p>\n<p>Le surplus de production r\u00e9sultant du fonctionnement des g\u00e9n\u00e9rateurs permettra d&#8217;alimenter les champs de puits du lac Dhar avec une capacit\u00e9 suppl\u00e9mentaire pour leur permettre d&#8217;augmenter le pompage de l&#8217;eau en cas de besoin.<\/p>\n<p>Ces extensions ont n\u00e9cessit\u00e9 la construction d&#8217;installations et l&#8217;installation des \u00e9quipements \u00e9lectriques n\u00e9cessaires, ainsi que l&#8217;installation de deux g\u00e9n\u00e9rateurs de 1760 kW chacun \u00e0 l&#8217;usine hybride de N\u00e9ma et d&#8217;un g\u00e9n\u00e9rateur de 1200 kW dans la ville de Tembedgha.<\/p>\n<p>Ces efforts s&#8217;inscrivent dans le cadre des efforts d\u00e9ploy\u00e9s par les autorit\u00e9s publiques pour fournir de l&#8217;\u00e9lectricit\u00e9 dans la ville de N\u00e9ma et rapprocher son service du citoyen, en attendant l&#8217;ach\u00e8vement du projet de renforcement de l&#8217;infrastructure \u00e9lectrique dans les villes de l&#8217;int\u00e9rieur, qui comprend cinquante moughataas.<\/p>\n<p>La mise en service de ces g\u00e9n\u00e9rateurs a \u00e9t\u00e9 effectu\u00e9e en pr\u00e9sence du hakem adjoint de N\u00e9ma, des autorit\u00e9s s\u00e9curitaires et militaires et des responsables des services du Groupe Somelc dans la wilaya.<\/p>\n","protected":false},"excerpt":{"rendered":"<p>Le wali mou\u00e7aid du Hodh Chargui, wali par int\u00e9rim, M. Abderrahmane Ahmed Dade, a supervis\u00e9, vendredi, dans la ville de N\u00e9ma, en compagnie de M. Cheikhna Ould Elias, directeur g\u00e9n\u00e9ral de la soci\u00e9t\u00e9 de production et de transport du Groupe Somelec, la mise en service de trois nouveaux groupes \u00e9lectrog\u00e8nes de haute qualit\u00e9. La mise [&hellip;]<\/p>\n","protected":false},"author":5,"featured_media":252346,"comment_status":"open","ping_status":"open","sticky":false,"template":"","format":"standard","meta":{"footnotes":""},"categories":[63918,63957,8672],"tags":[],"class_list":["post-252345","post","type-post","status-publish","format-standard","has-post-thumbnail","hentry","category-autres","category-fil-dactualite","category-8672"],"_links":{"self":[{"href":"https:\/\/ami.mr\/fr\/wp-json\/wp\/v2\/posts\/252345","targetHints":{"allow":["GET"]}}],"collection":[{"href":"https:\/\/ami.mr\/fr\/wp-json\/wp\/v2\/posts"}],"about":[{"href":"https:\/\/ami.mr\/fr\/wp-json\/wp\/v2\/types\/post"}],"author":[{"embeddable":true,"href":"https:\/\/ami.mr\/fr\/wp-json\/wp\/v2\/users\/5"}],"replies":[{"embeddable":true,"href":"https:\/\/ami.mr\/fr\/wp-json\/wp\/v2\/comments?post=252345"}],"version-history":[{"count":1,"href":"https:\/\/ami.mr\/fr\/wp-json\/wp\/v2\/posts\/252345\/revisions"}],"predecessor-version":[{"id":252347,"href":"https:\/\/ami.mr\/fr\/wp-json\/wp\/v2\/posts\/252345\/revisions\/252347"}],"wp:featuredmedia":[{"embeddable":true,"href":"https:\/\/ami.mr\/fr\/wp-json\/wp\/v2\/media\/252346"}],"wp:attachment":[{"href":"https:\/\/ami.mr\/fr\/wp-json\/wp\/v2\/media?parent=252345"}],"wp:term":[{"taxonomy":"category","embeddable":true,"href":"https:\/\/ami.mr\/fr\/wp-json\/wp\/v2\/categories?post=252345"},{"taxonomy":"post_tag","embeddable":true,"href":"https:\/\/ami.mr\/fr\/wp-json\/wp\/v2\/tags?post=252345"}],"curies":[{"name":"wp","href":"https:\/\/api.w.org\/{rel}","templated":true}]}}