{"id":251911,"date":"2024-08-12T15:53:33","date_gmt":"2024-08-12T15:53:33","guid":{"rendered":"https:\/\/ami.mr\/fr\/?p=251911"},"modified":"2024-08-12T15:53:33","modified_gmt":"2024-08-12T15:53:33","slug":"le-ministre-de-la-fonction-publique-et-du-travail-visite-des-services-de-son-departement","status":"publish","type":"post","link":"https:\/\/ami.mr\/fr\/archives\/251911","title":{"rendered":"Le ministre de la Fonction publique et du Travail visite des services de son d\u00e9partement"},"content":{"rendered":"<div class=\"cell size-p10 padding20 no-padding-left no-padding-right no-padding-bottom\"><\/div>\n<div class=\"cell auto-size\">\n<div class=\"set-border bd-gray padding10 margin10 no-margin-right no-margin-left \" dir=\"ltr\">\n<p>Le ministre de la Fonction publique et du Travail, M. Mohamed Ould Soueidatt, a effectu\u00e9, lundi \u00e0 Nouakchott, une visite d&#8217;inspection dans certains services de son secteur.<\/p>\n<p>La visite a concern\u00e9 la Caisse nationale de S\u00e9curit\u00e9 sociale, l&#8217;Office national de la M\u00e9decine du Travail et le Conseil national du Dialogue social.<\/p>\n<p>Apr\u00e8s avoir visit\u00e9 les services, le ministre a \u00e9cout\u00e9 des explications sur le travail de ces services et sur les questions qui affectent la bonne conduite de leur mission.<\/p>\n<p>Le ministre a, ensuite, tenu des r\u00e9unions avec le personnel de ces diff\u00e9rents entit\u00e9s, au cours desquelles il les a exhort\u00e9s \u00e0 respecter les horaires de travail, \u00e0 \u00eatre assidus et \u00e0 s\u2019acquitter de leurs missions avec abn\u00e9gation et efficacit\u00e9.<\/p>\n<p>A l&#8217;issue de la visite, M. Mohamed Ould Soueidatt a fait une d\u00e9claration \u00e0 l\u2019AMI, dans laquelle il a soulign\u00e9 que ces visites s&#8217;inscrivent dans le cadre de la volont\u00e9 du gouvernement de cr\u00e9er une dynamique globale au sein de tous les secteurs de l&#8217;administration, afin d&#8217;assurer l&#8217;acc\u00e9l\u00e9ration de l&#8217;ambitieux projet de transformation soci\u00e9tale de Son Excellence le Pr\u00e9sident de la R\u00e9publique, Monsieur Mohamed Ould Cheikh El Ghazouani.<\/p>\n<p>Il a ajout\u00e9 que cette ambitieuse transformation vise \u00e0 cr\u00e9er un d\u00e9veloppement \u00e9conomique global et durable pour le pays, indiquant au passage que cette visite lui a permis de s&#8217;impr\u00e9gner de la disponibilit\u00e9 de ces entit\u00e9s administratives qu\u2019il a appel\u00e9s \u00e0 s&#8217;inscrire dans la dynamique de l&#8217;action collective.<\/p>\n<p>Le ministre \u00e9tait accompagn\u00e9 du secr\u00e9taire g\u00e9n\u00e9ral du minist\u00e8re et d&#8217;un certain nombre de responsables du d\u00e9partement.<\/p>\n<\/div>\n<\/div>\n","protected":false},"excerpt":{"rendered":"<p>Le ministre de la Fonction publique et du Travail, M. Mohamed Ould Soueidatt, a effectu\u00e9, lundi \u00e0 Nouakchott, une visite d&#8217;inspection dans certains services de son secteur. La visite a concern\u00e9 la Caisse nationale de S\u00e9curit\u00e9 sociale, l&#8217;Office national de la M\u00e9decine du Travail et le Conseil national du Dialogue social. Apr\u00e8s avoir visit\u00e9 les [&hellip;]<\/p>\n","protected":false},"author":18,"featured_media":251912,"comment_status":"open","ping_status":"open","sticky":false,"template":"","format":"standard","meta":{"footnotes":""},"categories":[63920,63957,63959],"tags":[],"class_list":["post-251911","post","type-post","status-publish","format-standard","has-post-thumbnail","hentry","category-a-la-une","category-fil-dactualite","category-mauritanie"],"_links":{"self":[{"href":"https:\/\/ami.mr\/fr\/wp-json\/wp\/v2\/posts\/251911","targetHints":{"allow":["GET"]}}],"collection":[{"href":"https:\/\/ami.mr\/fr\/wp-json\/wp\/v2\/posts"}],"about":[{"href":"https:\/\/ami.mr\/fr\/wp-json\/wp\/v2\/types\/post"}],"author":[{"embeddable":true,"href":"https:\/\/ami.mr\/fr\/wp-json\/wp\/v2\/users\/18"}],"replies":[{"embeddable":true,"href":"https:\/\/ami.mr\/fr\/wp-json\/wp\/v2\/comments?post=251911"}],"version-history":[{"count":1,"href":"https:\/\/ami.mr\/fr\/wp-json\/wp\/v2\/posts\/251911\/revisions"}],"predecessor-version":[{"id":251913,"href":"https:\/\/ami.mr\/fr\/wp-json\/wp\/v2\/posts\/251911\/revisions\/251913"}],"wp:featuredmedia":[{"embeddable":true,"href":"https:\/\/ami.mr\/fr\/wp-json\/wp\/v2\/media\/251912"}],"wp:attachment":[{"href":"https:\/\/ami.mr\/fr\/wp-json\/wp\/v2\/media?parent=251911"}],"wp:term":[{"taxonomy":"category","embeddable":true,"href":"https:\/\/ami.mr\/fr\/wp-json\/wp\/v2\/categories?post=251911"},{"taxonomy":"post_tag","embeddable":true,"href":"https:\/\/ami.mr\/fr\/wp-json\/wp\/v2\/tags?post=251911"}],"curies":[{"name":"wp","href":"https:\/\/api.w.org\/{rel}","templated":true}]}}