{"id":250843,"date":"2024-07-28T19:06:25","date_gmt":"2024-07-28T19:06:25","guid":{"rendered":"https:\/\/ami.mr\/fr\/?p=250843"},"modified":"2024-07-28T19:06:25","modified_gmt":"2024-07-28T19:06:25","slug":"le-ministre-de-lagriculture-exhorte-les-agriculteurs-au-hodh-el-gharbi-a-sinteresser-a-lagriculture-pluviale","status":"publish","type":"post","link":"https:\/\/ami.mr\/fr\/archives\/250843","title":{"rendered":"Le ministre de l&#8217;Agriculture exhorte les agriculteurs au Hodh El Gharbi \u00e0 s&#8217;int\u00e9resser \u00e0 l&#8217;agriculture pluviale"},"content":{"rendered":"<p>Le ministre de l&#8217;Agriculture, M. Memm\u00e9 Ould Beybat\u00e9, a pr\u00e9sid\u00e9, dimanche \u00e0 Aioun, capitale du Hodh El Gharbi, une r\u00e9union des agriculteurs qu&#8217;il a exhort\u00e9s \u00e0 affluer vers l&#8217;agriculture pluviale pour la r\u00e9alisation des objectifs escompt\u00e9s dans le domaine de la s\u00e9curit\u00e9 alimentaire.<\/p>\n<p>Il a ajout\u00e9, au cours de la r\u00e9union \u00e0 laquelle a assist\u00e9 le wali du Hodh El Gharbi, M. Ahmeda Mamadou Kelly que la pr\u00e9sence massive des agriculteurs \u00e0 cette rencontre refl\u00e8te leur prise de conscience et leur compr\u00e9hension de la signification des appels r\u00e9p\u00e9t\u00e9s du Pr\u00e9sident de la R\u00e9publique, Son Excellence Monsieur Mohamed Ould Cheikh El Ghazouani les invitant \u00e0 affluer vers l&#8217;agriculture pluviale, \u00e0 exploiter toutes les superficies am\u00e9nag\u00e9es et \u00e0 profiter des infrastructures agricoles disponibles (barrages et digues r\u00e9alis\u00e9es par l&#8217;Etat sur ses propres moyens).<\/p>\n<p>Il a pr\u00e9cis\u00e9 que sa visite dans la wilaya du Hodh El Gharbi qui a co\u00efncid\u00e9 avec le d\u00e9but des pluies dans la wilaya vise \u00e0 sensibiliser les agriculteurs sur l&#8217;importance de l&#8217;agriculture pluviale qui a b\u00e9n\u00e9fici\u00e9, au cours des 5 derni\u00e8res ann\u00e9es, d&#8217;interventions appr\u00e9ciables qui se sont mat\u00e9rialis\u00e9es \u00e0 travers la r\u00e9fection et la construction de barrages et de digues hydrauliques, le rapprochement des services de vulgarisation et d&#8217;encadrement des agriculteurs, la protection des cultures contre les animaux en divagation et les pr\u00e9dateurs agricoles et la mise \u00e0 disposition des agriculteurs des moyens n\u00e9cessaires comme les intrants et autres.<\/p>\n<p>Il a rappel\u00e9 que 104 barrages ont \u00e9t\u00e9 construits ou r\u00e9habilit\u00e9s dans l&#8217;ensemble des wilayas agropastorales au cours de la p\u00e9riode allant de 2019 \u00e0 2023 et que la m\u00e9canisation agricole est en train d&#8217;\u00eatre introduite pour l&#8217;accroissement des superficies agricoles et am\u00e9liorer les conditions de production.<\/p>\n<p>Il a not\u00e9 que la wilaya du Hodh El Gharbi a b\u00e9n\u00e9fici\u00e9, cette ann\u00e9e de 10 tracteurs et que les mesures n\u00e9cessaires sont en train d&#8217;\u00eatre prises pour la remise des engrais , des semences et du grillage, cela en plus de la formation et de l&#8217;encadrement qui seront dispens\u00e9s dans le but de garantir la r\u00e9alisation des objectifs escompt\u00e9s.<\/p>\n<p>Le ministre a en outre insist\u00e9 sur la n\u00e9cessit\u00e9 de compter sur nous-m\u00eames pour exploiter nos potentialit\u00e9s et nos ressources naturelles pour la r\u00e9alisation de l&#8217;autosuffisance en produits alimentaires essentiels dans un environnement r\u00e9gional et international perturb\u00e9 et plein de d\u00e9fis s\u00e9curitaires et sanitaires, ce qui exige de nous de compter sur nos propres forces pour assurer \u00e0 nos populations une vie digne.<\/p>\n<p>Auparavant, le wali du Hodh El Gharbi avait prononc\u00e9 un mot dans lequel il a lou\u00e9 les interventions du minist\u00e8re de l&#8217;agriculture dans la wilaya et appel\u00e9 les agriculteurs \u00e0 affluer vers l&#8217;agriculture pluviale, notamment au niveau des mares et des barrages.<\/p>\n<p>De son c\u00f4t\u00e9, le pr\u00e9sident du conseil r\u00e9gional du Hodh El Gharbi, M. Jemal Ould Mohamed a lou\u00e9 cette visite disant esp\u00e9rer qu&#8217;elle sera couronn\u00e9e de succ\u00e8s.<\/p>\n<p>Il a ensuite pass\u00e9 en revue les caract\u00e9ristiques agricoles de la wilaya du Hodh El Gharbi avant d&#8217;affirmer la volont\u00e9 de son conseil de mener une campagne de sensibilisation en direction des agriculteurs pour les encourager \u00e0 s&#8217;orienter vers l&#8217;agriculture pluviale.<\/p>\n","protected":false},"excerpt":{"rendered":"<p>Le ministre de l&#8217;Agriculture, M. Memm\u00e9 Ould Beybat\u00e9, a pr\u00e9sid\u00e9, dimanche \u00e0 Aioun, capitale du Hodh El Gharbi, une r\u00e9union des agriculteurs qu&#8217;il a exhort\u00e9s \u00e0 affluer vers l&#8217;agriculture pluviale pour la r\u00e9alisation des objectifs escompt\u00e9s dans le domaine de la s\u00e9curit\u00e9 alimentaire. Il a ajout\u00e9, au cours de la r\u00e9union \u00e0 laquelle a assist\u00e9 [&hellip;]<\/p>\n","protected":false},"author":5,"featured_media":250844,"comment_status":"open","ping_status":"open","sticky":false,"template":"","format":"standard","meta":{"footnotes":""},"categories":[63920,63957,63923,8672],"tags":[],"class_list":["post-250843","post","type-post","status-publish","format-standard","has-post-thumbnail","hentry","category-a-la-une","category-fil-dactualite","category-slider-wilayas","category-8672"],"_links":{"self":[{"href":"https:\/\/ami.mr\/fr\/wp-json\/wp\/v2\/posts\/250843","targetHints":{"allow":["GET"]}}],"collection":[{"href":"https:\/\/ami.mr\/fr\/wp-json\/wp\/v2\/posts"}],"about":[{"href":"https:\/\/ami.mr\/fr\/wp-json\/wp\/v2\/types\/post"}],"author":[{"embeddable":true,"href":"https:\/\/ami.mr\/fr\/wp-json\/wp\/v2\/users\/5"}],"replies":[{"embeddable":true,"href":"https:\/\/ami.mr\/fr\/wp-json\/wp\/v2\/comments?post=250843"}],"version-history":[{"count":1,"href":"https:\/\/ami.mr\/fr\/wp-json\/wp\/v2\/posts\/250843\/revisions"}],"predecessor-version":[{"id":250845,"href":"https:\/\/ami.mr\/fr\/wp-json\/wp\/v2\/posts\/250843\/revisions\/250845"}],"wp:featuredmedia":[{"embeddable":true,"href":"https:\/\/ami.mr\/fr\/wp-json\/wp\/v2\/media\/250844"}],"wp:attachment":[{"href":"https:\/\/ami.mr\/fr\/wp-json\/wp\/v2\/media?parent=250843"}],"wp:term":[{"taxonomy":"category","embeddable":true,"href":"https:\/\/ami.mr\/fr\/wp-json\/wp\/v2\/categories?post=250843"},{"taxonomy":"post_tag","embeddable":true,"href":"https:\/\/ami.mr\/fr\/wp-json\/wp\/v2\/tags?post=250843"}],"curies":[{"name":"wp","href":"https:\/\/api.w.org\/{rel}","templated":true}]}}