{"id":250534,"date":"2024-07-23T19:11:05","date_gmt":"2024-07-23T19:11:05","guid":{"rendered":"https:\/\/ami.mr\/fr\/?p=250534"},"modified":"2024-07-24T11:12:25","modified_gmt":"2024-07-24T11:12:25","slug":"le-president-de-la-republique-president-elu-recoit-un-message-de-felicitations-du-president-slovene-suite-a-sa-reelection","status":"publish","type":"post","link":"https:\/\/ami.mr\/fr\/archives\/250534","title":{"rendered":"Le Pr\u00e9sident de la R\u00e9publique, Pr\u00e9sident \u00e9lu, re\u00e7oit un message de f\u00e9licitations du pr\u00e9sident Slov\u00e8ne suite \u00e0 sa r\u00e9\u00e9lection"},"content":{"rendered":"<div class=\"cell auto-size\">\n<div class=\"set-border bd-gray padding10 margin10 no-margin-right no-margin-left \" dir=\"ltr\">\n<p>Le Pr\u00e9sident de la R\u00e9publique, Pr\u00e9sident \u00e9lu, S.E.M Mohamed Ould Cheikh El Ghazouani, a re\u00e7u un message de f\u00e9licitations de Son Excellence Nata\u0161a Pirc Musar, pr\u00e9sident de la R\u00e9publique de Slov\u00e9nie suite \u00e0 sa r\u00e9\u00e9lection, au premier tour, le 29 juin 2024, \u00e0 la pr\u00e9sidence de la R\u00e9publique Islamique de Mauritanie.<\/p>\n<p>Le message du Pr\u00e9sident Slov\u00e8ne est libell\u00e9 comme suit :<\/p>\n<p>&#8220;Votre Excellence,<\/p>\n<p>A l&#8217;occasion de votre r\u00e9\u00e9lection en tant que Pr\u00e9sident de la R\u00e9publique Islamique de Mauritanie, permettez-moi de vous adresser mes sinc\u00e8res f\u00e9licitations au nom des citoyens slov\u00e8nes et en mon nom personnel et de vous souhaiter beaucoup de succ\u00e8s dans l&#8217;exercice de vos lourdes fonctions pour assurer la stabilit\u00e9, la prosp\u00e9rit\u00e9 et le progr\u00e8s de votre pays et de ses citoyens.<\/p>\n<p>Je souhaite sinc\u00e8rement d\u00e9velopper davantage les relations amicales entre la Slov\u00e9nie et la Mauritanie dans un esprit de compr\u00e9hension et de respect mutuels.<\/p>\n<p>Je vous prie d&#8217;agr\u00e9er, Excellence, l&#8217;expression de ma tr\u00e8s haute consid\u00e9ration.<\/p>\n<p>Nata\u0161a Pirc Musar<\/p>\n<\/div>\n<\/div>\n","protected":false},"excerpt":{"rendered":"<p>Le Pr\u00e9sident de la R\u00e9publique, Pr\u00e9sident \u00e9lu, S.E.M Mohamed Ould Cheikh El Ghazouani, a re\u00e7u un message de f\u00e9licitations de Son Excellence Nata\u0161a Pirc Musar, pr\u00e9sident de la R\u00e9publique de Slov\u00e9nie suite \u00e0 sa r\u00e9\u00e9lection, au premier tour, le 29 juin 2024, \u00e0 la pr\u00e9sidence de la R\u00e9publique Islamique de Mauritanie. Le message du Pr\u00e9sident [&hellip;]<\/p>\n","protected":false},"author":5,"featured_media":250558,"comment_status":"open","ping_status":"open","sticky":false,"template":"","format":"standard","meta":{"footnotes":""},"categories":[63957,63959,63921,63927],"tags":[],"class_list":["post-250534","post","type-post","status-publish","format-standard","has-post-thumbnail","hentry","category-fil-dactualite","category-mauritanie","category-slider-afficher","category-slider-mauritanie"],"_links":{"self":[{"href":"https:\/\/ami.mr\/fr\/wp-json\/wp\/v2\/posts\/250534","targetHints":{"allow":["GET"]}}],"collection":[{"href":"https:\/\/ami.mr\/fr\/wp-json\/wp\/v2\/posts"}],"about":[{"href":"https:\/\/ami.mr\/fr\/wp-json\/wp\/v2\/types\/post"}],"author":[{"embeddable":true,"href":"https:\/\/ami.mr\/fr\/wp-json\/wp\/v2\/users\/5"}],"replies":[{"embeddable":true,"href":"https:\/\/ami.mr\/fr\/wp-json\/wp\/v2\/comments?post=250534"}],"version-history":[{"count":1,"href":"https:\/\/ami.mr\/fr\/wp-json\/wp\/v2\/posts\/250534\/revisions"}],"predecessor-version":[{"id":250536,"href":"https:\/\/ami.mr\/fr\/wp-json\/wp\/v2\/posts\/250534\/revisions\/250536"}],"wp:featuredmedia":[{"embeddable":true,"href":"https:\/\/ami.mr\/fr\/wp-json\/wp\/v2\/media\/250558"}],"wp:attachment":[{"href":"https:\/\/ami.mr\/fr\/wp-json\/wp\/v2\/media?parent=250534"}],"wp:term":[{"taxonomy":"category","embeddable":true,"href":"https:\/\/ami.mr\/fr\/wp-json\/wp\/v2\/categories?post=250534"},{"taxonomy":"post_tag","embeddable":true,"href":"https:\/\/ami.mr\/fr\/wp-json\/wp\/v2\/tags?post=250534"}],"curies":[{"name":"wp","href":"https:\/\/api.w.org\/{rel}","templated":true}]}}