{"id":250469,"date":"2024-07-23T09:45:09","date_gmt":"2024-07-23T09:45:09","guid":{"rendered":"https:\/\/ami.mr\/fr\/?p=250469"},"modified":"2024-07-23T09:45:09","modified_gmt":"2024-07-23T09:45:09","slug":"cloture-de-la-deuxieme-edition-du-forum-mondial-des-medias-a-choucha","status":"publish","type":"post","link":"https:\/\/ami.mr\/fr\/archives\/250469","title":{"rendered":"Cl\u00f4ture de la deuxi\u00e8me \u00e9dition du forum mondial des m\u00e9dias \u00e0 Choucha"},"content":{"rendered":"<p>La deuxi\u00e8me \u00e9dition du forum mondial des m\u00e9dias, organis\u00e9e, cette ann\u00e9e, sous le th\u00e8me \u00ab D\u00e9noncer les faux r\u00e9cits et lutter contre la d\u00e9sinformation dans les m\u00e9dias \u00bb, a \u00e9t\u00e9 cl\u00f4tur\u00e9e, hier, lundi soir dans la ville de Choucha, capitale culturelle de l\u2019Azerba\u00efdjan.<\/p>\n<p>La derni\u00e8re journ\u00e9e du forum a \u00e9t\u00e9 consacr\u00e9e \u00e0 des discussions sur plusieurs sujets portant sur l\u2019impact de l\u2019intelligence artificielle sur la r\u00e9alit\u00e9, les m\u00e9dias et la d\u00e9sinformation, et l\u2019importance de l\u2019\u00e9ducation aux m\u00e9dias pour lutter contre la d\u00e9sinformation, le r\u00f4le des technologies modernes dans la propagation de la d\u00e9sinformation, le changement climatique et les m\u00e9dias, ainsi que la mise en place de m\u00e9canismes m\u00e9diatiques efficaces pour un monde vert et l\u2019importance des m\u00e9dias dans la cr\u00e9ation d\u2019un programme public visant \u00e0 r\u00e9duire les effets n\u00e9gatifs du changement climatique et enfin la solidarit\u00e9 pour un monde vert.<\/p>\n<p>Notons que cette rencontre, qui s\u2019est d\u00e9roul\u00e9e du 20 au 22 juillet, a r\u00e9uni plus de 150 experts et professionnels des m\u00e9dias de 50 pays, dont des repr\u00e9sentants de 34 agences de presse nationales, de 3 organisations internationales et de 82 soci\u00e9t\u00e9s des m\u00e9dias.<\/p>\n","protected":false},"excerpt":{"rendered":"<p>La deuxi\u00e8me \u00e9dition du forum mondial des m\u00e9dias, organis\u00e9e, cette ann\u00e9e, sous le th\u00e8me \u00ab D\u00e9noncer les faux r\u00e9cits et lutter contre la d\u00e9sinformation dans les m\u00e9dias \u00bb, a \u00e9t\u00e9 cl\u00f4tur\u00e9e, hier, lundi soir dans la ville de Choucha, capitale culturelle de l\u2019Azerba\u00efdjan. La derni\u00e8re journ\u00e9e du forum a \u00e9t\u00e9 consacr\u00e9e \u00e0 des discussions sur [&hellip;]<\/p>\n","protected":false},"author":10,"featured_media":250471,"comment_status":"open","ping_status":"open","sticky":false,"template":"","format":"standard","meta":{"footnotes":""},"categories":[63918,63957,25],"tags":[],"class_list":["post-250469","post","type-post","status-publish","format-standard","has-post-thumbnail","hentry","category-autres","category-fil-dactualite","category-25"],"_links":{"self":[{"href":"https:\/\/ami.mr\/fr\/wp-json\/wp\/v2\/posts\/250469","targetHints":{"allow":["GET"]}}],"collection":[{"href":"https:\/\/ami.mr\/fr\/wp-json\/wp\/v2\/posts"}],"about":[{"href":"https:\/\/ami.mr\/fr\/wp-json\/wp\/v2\/types\/post"}],"author":[{"embeddable":true,"href":"https:\/\/ami.mr\/fr\/wp-json\/wp\/v2\/users\/10"}],"replies":[{"embeddable":true,"href":"https:\/\/ami.mr\/fr\/wp-json\/wp\/v2\/comments?post=250469"}],"version-history":[{"count":1,"href":"https:\/\/ami.mr\/fr\/wp-json\/wp\/v2\/posts\/250469\/revisions"}],"predecessor-version":[{"id":250472,"href":"https:\/\/ami.mr\/fr\/wp-json\/wp\/v2\/posts\/250469\/revisions\/250472"}],"wp:featuredmedia":[{"embeddable":true,"href":"https:\/\/ami.mr\/fr\/wp-json\/wp\/v2\/media\/250471"}],"wp:attachment":[{"href":"https:\/\/ami.mr\/fr\/wp-json\/wp\/v2\/media?parent=250469"}],"wp:term":[{"taxonomy":"category","embeddable":true,"href":"https:\/\/ami.mr\/fr\/wp-json\/wp\/v2\/categories?post=250469"},{"taxonomy":"post_tag","embeddable":true,"href":"https:\/\/ami.mr\/fr\/wp-json\/wp\/v2\/tags?post=250469"}],"curies":[{"name":"wp","href":"https:\/\/api.w.org\/{rel}","templated":true}]}}