{"id":250466,"date":"2024-07-23T00:43:38","date_gmt":"2024-07-23T00:43:38","guid":{"rendered":"https:\/\/ami.mr\/fr\/?p=250466"},"modified":"2024-07-23T00:43:38","modified_gmt":"2024-07-23T00:43:38","slug":"le-president-de-la-republique-president-de-lua-a-la-cloture-de-la-6e-reunion-de-coordination-daccra-nous-continuerons-a-mettre-un-accent-particulier-sur-les-programmes-d","status":"publish","type":"post","link":"https:\/\/ami.mr\/fr\/archives\/250466","title":{"rendered":"Le Pr\u00e9sident de la R\u00e9publique, Pr\u00e9sident de L\u2019UA, \u00e0 la cl\u00f4ture de la 6e r\u00e9union de coordination d\u2019Accra : \u00ab Nous continuerons \u00e0 mettre un accent particulier sur les programmes d&#8217;\u00e9ducation, de d\u00e9veloppement des infrastructures, de digitalisation et de la zleca \u00bb"},"content":{"rendered":"<p>A la cl\u00f4ture de la sixi\u00e8me r\u00e9union semestrielle de coordination entre l\u2019Union Africaine, les Communaut\u00e9s \u00e9conomiques r\u00e9gionales (CER) et les m\u00e9canismes r\u00e9gionaux, le Pr\u00e9sident de la R\u00e9publique, Pr\u00e9sident de l\u2019Union Africaine, a prononc\u00e9 un important discours dans lequel il s\u2019est r\u00e9joui de la d\u00e9claration prise lors de cette rencontre, affirmant qu\u2019elle illustre parfaitement l\u2019ind\u00e9fectible engagement de l\u2019organisation en faveur de l&#8217;int\u00e9gration continentale, notamment par le biais de la consolidation de l&#8217;int\u00e9gration entre les communaut\u00e9s \u00e9conomiques r\u00e9gionales et le renforcement de la coordination entre l&#8217;Union africaine, les communaut\u00e9s \u00e9conomiques r\u00e9gionales et les m\u00e9canismes r\u00e9gionaux.<br \/>\nIl a r\u00e9it\u00e9r\u00e9 la volont\u00e9 de l\u2019UA \u00e0 continuer son plaidoyer pour amener des partenaires politiques, techniques et financiers de l&#8217;Afrique \u00e0 adh\u00e9rer pleinement \u00e0 la mobilisation des ressources n\u00e9cessaires \u00e0 l&#8217;ex\u00e9cution du 2e plan d\u00e9cennal de l&#8217;Agenda 2063 et \u00e0 mettre un accent particulier sur les programmes d&#8217;\u00e9ducation, de d\u00e9veloppement des infrastructures, de digitalisation et de la zleca.<br \/>\nVoici le texte int\u00e9gral de ce discours :<\/p>\n<p>\u00ab Je voudrais remercier le pr\u00e9sident de la commission africaine et ses \u00e9quipes pour l&#8217;excellente qualit\u00e9 des documents de travail ainsi que pour les rapports relatifs l&#8217;\u00e9tat de l&#8217;int\u00e9gration en Afrique, \u00e0 la division du travail entre la commission de l&#8217;union africaine et les communaut\u00e9s \u00e9conomiques r\u00e9gionales, \u00e0 l&#8217;\u00e9change interr\u00e9gional de connaissances de l&#8217;Union africaine sur le syst\u00e8me d&#8217;alerte de riposte et sur la situation de l&#8217;agenda de l&#8217;Agence du D\u00e9veloppement de l&#8217;Union Africaine (NEPAD).<br \/>\nJe f\u00e9licite aussi la Banque africaine de D\u00e9veloppement pour son dynamisme, pour son leadership et sa pers\u00e9v\u00e9rance dans le cadre de la mobilisation des financements n\u00e9cessaires dans la mise en \u0153uvre des projets prioritaires des diff\u00e9rentes communaut\u00e9s \u00e9conomiques r\u00e9gionales.<\/p>\n<p>Excellences mesdames et messieurs,<br \/>\nLa d\u00e9claration que nous venons d&#8217;adopter illustre parfaitement notre ind\u00e9fectible engagement en faveur de l&#8217;int\u00e9gration continentale, notamment par le biais de la consolidation de l&#8217;int\u00e9gration entre les communaut\u00e9s \u00e9conomiques r\u00e9gionales et le renforcement de la coordination entre l&#8217;Union africaine, les communaut\u00e9s \u00e9conomiques r\u00e9gionales et les m\u00e9canismes r\u00e9gionaux.<br \/>\nLa commission de l&#8217;Union africaine, la Banque africaine de d\u00e9veloppement et la commission des Nations unies pour l&#8217;Afrique doivent pleinement jouer leurs r\u00f4les respectifs dans cette dynamique continentale qui doit n\u00e9cessairement prendre en consid\u00e9ration l&#8217;int\u00e9r\u00eat collectif de nos pays.<br \/>\nCes institutions doivent aussi veiller \u00e0 assurer un suivi r\u00e9gulier de l&#8217;ex\u00e9cution de nos programmes d&#8217;int\u00e9gration, notamment \u00e0 travers l&#8217;indice d&#8217;int\u00e9gration r\u00e9gionale synth\u00e9tis\u00e9. Notre d\u00e9claration d&#8217;aujourd&#8217;hui refl\u00e8te \u00e9galement notre volont\u00e9 ferme de continuer \u00e0 parler d&#8217;une seule voix, celle de l&#8217;Afrique. Ceci r\u00e9conforte et solidifie davantage notre position dans les diff\u00e9rentes rencontres internationales. Nous sommes r\u00e9solument engag\u00e9s \u00e0 continuer notre fort plaidoyer pour amener des partenaires politiques, techniques et financiers de l&#8217;Afrique \u00e0 adh\u00e9rer pleinement \u00e0 la mobilisation des ressources n\u00e9cessaires \u00e0 l&#8217;ex\u00e9cution du 2e plan d\u00e9cennal de l&#8217;Agenda 2063, adopt\u00e9 lors de notre sommet pr\u00e9c\u00e9dent et dont la mise en \u0153uvre constitue les gages de r\u00e9ussite du programme d&#8217;int\u00e9gration continental.<br \/>\nNous continuerons \u00e0 mettre un accent particulier sur les programmes d&#8217;\u00e9ducation, de d\u00e9veloppement des infrastructures, de digitalisation et de la zleca.<br \/>\nSur ce, je d\u00e9clare clos les travaux de la pr\u00e9sente r\u00e9union de coop\u00e9ration.<br \/>\nJe vous remercie. \u00bb<\/p>\n","protected":false},"excerpt":{"rendered":"<p>A la cl\u00f4ture de la sixi\u00e8me r\u00e9union semestrielle de coordination entre l\u2019Union Africaine, les Communaut\u00e9s \u00e9conomiques r\u00e9gionales (CER) et les m\u00e9canismes r\u00e9gionaux, le Pr\u00e9sident de la R\u00e9publique, Pr\u00e9sident de l\u2019Union Africaine, a prononc\u00e9 un important discours dans lequel il s\u2019est r\u00e9joui de la d\u00e9claration prise lors de cette rencontre, affirmant qu\u2019elle illustre parfaitement l\u2019ind\u00e9fectible engagement [&hellip;]<\/p>\n","protected":false},"author":19,"featured_media":250467,"comment_status":"open","ping_status":"open","sticky":false,"template":"","format":"standard","meta":{"footnotes":""},"categories":[63919,63957,25,63921,63926],"tags":[],"class_list":["post-250466","post","type-post","status-publish","format-standard","has-post-thumbnail","hentry","category-choix-du-redacteur","category-fil-dactualite","category-25","category-slider-afficher","category-slider-general"],"_links":{"self":[{"href":"https:\/\/ami.mr\/fr\/wp-json\/wp\/v2\/posts\/250466","targetHints":{"allow":["GET"]}}],"collection":[{"href":"https:\/\/ami.mr\/fr\/wp-json\/wp\/v2\/posts"}],"about":[{"href":"https:\/\/ami.mr\/fr\/wp-json\/wp\/v2\/types\/post"}],"author":[{"embeddable":true,"href":"https:\/\/ami.mr\/fr\/wp-json\/wp\/v2\/users\/19"}],"replies":[{"embeddable":true,"href":"https:\/\/ami.mr\/fr\/wp-json\/wp\/v2\/comments?post=250466"}],"version-history":[{"count":1,"href":"https:\/\/ami.mr\/fr\/wp-json\/wp\/v2\/posts\/250466\/revisions"}],"predecessor-version":[{"id":250468,"href":"https:\/\/ami.mr\/fr\/wp-json\/wp\/v2\/posts\/250466\/revisions\/250468"}],"wp:featuredmedia":[{"embeddable":true,"href":"https:\/\/ami.mr\/fr\/wp-json\/wp\/v2\/media\/250467"}],"wp:attachment":[{"href":"https:\/\/ami.mr\/fr\/wp-json\/wp\/v2\/media?parent=250466"}],"wp:term":[{"taxonomy":"category","embeddable":true,"href":"https:\/\/ami.mr\/fr\/wp-json\/wp\/v2\/categories?post=250466"},{"taxonomy":"post_tag","embeddable":true,"href":"https:\/\/ami.mr\/fr\/wp-json\/wp\/v2\/tags?post=250466"}],"curies":[{"name":"wp","href":"https:\/\/api.w.org\/{rel}","templated":true}]}}