{"id":249445,"date":"2024-07-03T19:35:48","date_gmt":"2024-07-03T19:35:48","guid":{"rendered":"https:\/\/ami.mr\/fr\/?p=249445"},"modified":"2024-07-04T10:34:57","modified_gmt":"2024-07-04T10:34:57","slug":"nouadhibou-demarrage-des-epreuves-du-concours-dentree-en-premiere-annee-des-colleges","status":"publish","type":"post","link":"https:\/\/ami.mr\/fr\/archives\/249445","title":{"rendered":"Nouadhibou : d\u00e9marrage des \u00e9preuves du Concours d&#8217;entr\u00e9e en premi\u00e8re ann\u00e9e des coll\u00e8ges"},"content":{"rendered":"<div class=\"cell auto-size\">\n<div class=\"set-border bd-gray padding10 margin10 no-margin-right no-margin-left \" dir=\"ltr\">\n<p>Le concours d&#8217;entr\u00e9e en premi\u00e8re ann\u00e9e des coll\u00e8ges a d\u00e9marr\u00e9, mercredi, dans la wilaya de Dakhlet-Nouadhibou avec la participation de 4653 candidats r\u00e9partis dans 37 centres d&#8217;examen dans toute la r\u00e9gion, dont 51,8% de filles.<\/p>\n<p>Le wali de Dakhlet-Nouadhibou, M. Mahi Ould Hamed, a d\u00e9clar\u00e9 \u00e0 l&#8217;Agence Mauritanienne d&#8217;Information, \u00e0 l&#8217;issue d&#8217;une visite d&#8217;inspection au centre d&#8217;examen de l&#8217;Ecole n\u00b01 de Nouadhibou et au centre de l&#8217;\u00e9cole de l&#8217;a\u00e9roport, dans le quartier Socogim, que cette tourn\u00e9e lui a permis de constater les conditions de d\u00e9roulement du concours, relevant la pr\u00e9sence \u00e0 temps des surveillants et des \u00e9l\u00e8ves et la distribution des sujets dans les d\u00e9lais impartis.<\/p>\n<p>Le wali a not\u00e9 que toutes les mesures ont \u00e9t\u00e9 prises pour offrir des conditions ad\u00e9quates aux participants \u00e0 ce concours national.<\/p>\n<p>Il a soulign\u00e9 que le concours se d\u00e9roule dans de bonnes conditions et qu&#8217;aucun probl\u00e8me n&#8217;a \u00e9t\u00e9 enregistr\u00e9.<\/p>\n<p>Le Wali, qui a souhait\u00e9 bonne r\u00e9ussite aux \u00e9l\u00e8ves, \u00e9tait accompagn\u00e9 du hakem de Nouadhibou, M. Sid&#8217;Ahmed Ould Houeibib, de l&#8217;adjoint au maire de la commune de Nouadhibou, du directeur r\u00e9gional de l&#8217;\u00e9ducation nationale et des responsables des services militaires et de s\u00e9curit\u00e9 dans la wilaya.<\/p>\n<\/div>\n<\/div>\n","protected":false},"excerpt":{"rendered":"<p>Le concours d&#8217;entr\u00e9e en premi\u00e8re ann\u00e9e des coll\u00e8ges a d\u00e9marr\u00e9, mercredi, dans la wilaya de Dakhlet-Nouadhibou avec la participation de 4653 candidats r\u00e9partis dans 37 centres d&#8217;examen dans toute la r\u00e9gion, dont 51,8% de filles. Le wali de Dakhlet-Nouadhibou, M. Mahi Ould Hamed, a d\u00e9clar\u00e9 \u00e0 l&#8217;Agence Mauritanienne d&#8217;Information, \u00e0 l&#8217;issue d&#8217;une visite d&#8217;inspection au [&hellip;]<\/p>\n","protected":false},"author":13,"featured_media":249472,"comment_status":"open","ping_status":"open","sticky":false,"template":"","format":"standard","meta":{"footnotes":""},"categories":[63918,63919,63957,63923],"tags":[],"class_list":["post-249445","post","type-post","status-publish","format-standard","has-post-thumbnail","hentry","category-autres","category-choix-du-redacteur","category-fil-dactualite","category-slider-wilayas"],"_links":{"self":[{"href":"https:\/\/ami.mr\/fr\/wp-json\/wp\/v2\/posts\/249445","targetHints":{"allow":["GET"]}}],"collection":[{"href":"https:\/\/ami.mr\/fr\/wp-json\/wp\/v2\/posts"}],"about":[{"href":"https:\/\/ami.mr\/fr\/wp-json\/wp\/v2\/types\/post"}],"author":[{"embeddable":true,"href":"https:\/\/ami.mr\/fr\/wp-json\/wp\/v2\/users\/13"}],"replies":[{"embeddable":true,"href":"https:\/\/ami.mr\/fr\/wp-json\/wp\/v2\/comments?post=249445"}],"version-history":[{"count":2,"href":"https:\/\/ami.mr\/fr\/wp-json\/wp\/v2\/posts\/249445\/revisions"}],"predecessor-version":[{"id":249471,"href":"https:\/\/ami.mr\/fr\/wp-json\/wp\/v2\/posts\/249445\/revisions\/249471"}],"wp:featuredmedia":[{"embeddable":true,"href":"https:\/\/ami.mr\/fr\/wp-json\/wp\/v2\/media\/249472"}],"wp:attachment":[{"href":"https:\/\/ami.mr\/fr\/wp-json\/wp\/v2\/media?parent=249445"}],"wp:term":[{"taxonomy":"category","embeddable":true,"href":"https:\/\/ami.mr\/fr\/wp-json\/wp\/v2\/categories?post=249445"},{"taxonomy":"post_tag","embeddable":true,"href":"https:\/\/ami.mr\/fr\/wp-json\/wp\/v2\/tags?post=249445"}],"curies":[{"name":"wp","href":"https:\/\/api.w.org\/{rel}","templated":true}]}}