{"id":249390,"date":"2024-07-03T10:26:38","date_gmt":"2024-07-03T10:26:38","guid":{"rendered":"https:\/\/ami.mr\/fr\/?p=249390"},"modified":"2024-07-03T10:26:38","modified_gmt":"2024-07-03T10:26:38","slug":"le-candidat-m-mohammed-lemine-mourteji-wavi-felicite-le-president-elu","status":"publish","type":"post","link":"https:\/\/ami.mr\/fr\/archives\/249390","title":{"rendered":"Le candidat M. Mohammed Lemine Mourteji Wavi f\u00e9licite le pr\u00e9sident \u00e9lu"},"content":{"rendered":"<p>Le candidat \u00e0 l\u2019\u00e9lection pr\u00e9sidentielle 2024, M. Mohamed Lemine Mourteji El Wavi a f\u00e9licit\u00e9 le Pr\u00e9sident \u00e9lu, Son Excellence Monsieur Mohamed Ould Cheikh El Ghazouani, suite \u00e0 son \u00e9lection pour un second mandat.<\/p>\n<p>M. Mohamed Lemine Mourteji El Wavi, qui a souhait\u00e9 au Pr\u00e9sident de la R\u00e9publique plein succ\u00e8s dans sa mission de r\u00e9alisation du d\u00e9veloppement de la Mauritanie, a d\u00e9clar\u00e9 lors d\u2019une conf\u00e9rence de presse tenue, hier mardi soir \u00e0 Nouakchott, qu\u2019apr\u00e8s avoir v\u00e9rifi\u00e9 et examin\u00e9 les r\u00e9sultats, il a constat\u00e9 une diff\u00e9rence mineure qui ne les remettait en cause.<\/p>\n<p>\u00ab L\u2019objectif des \u00e9lections est de montrer un mod\u00e8le de concurrence positive \u00bb, a-t-il dit avant d\u2019ajouter \u00ab ceux qui ont la responsabilit\u00e9 publique doivent \u00eatre d&#8217;un niveau de responsabilit\u00e9 irr\u00e9prochable&#8221;.<\/p>\n<p>Le candidat a appel\u00e9 tous les politiciens \u00e0 faire la diff\u00e9rence entre les int\u00e9r\u00eats personnels et publics, soulignant que la patrie est au-dessus de tout.<\/p>\n<p>M. Mohammed Lemine Mourteji Wavi a condamn\u00e9 les \u00e9meutes et d\u00e9nonc\u00e9 tous ceux qui y ont particip\u00e9, invitant les jeunes de ne pas ob\u00e9ir aux ordres des saboteurs et demandant l\u2019expulsion des \u00e9trangers qui ont particip\u00e9 \u00e0 ces \u00e9meutes.<\/p>\n","protected":false},"excerpt":{"rendered":"<p>Le candidat \u00e0 l\u2019\u00e9lection pr\u00e9sidentielle 2024, M. Mohamed Lemine Mourteji El Wavi a f\u00e9licit\u00e9 le Pr\u00e9sident \u00e9lu, Son Excellence Monsieur Mohamed Ould Cheikh El Ghazouani, suite \u00e0 son \u00e9lection pour un second mandat. M. Mohamed Lemine Mourteji El Wavi, qui a souhait\u00e9 au Pr\u00e9sident de la R\u00e9publique plein succ\u00e8s dans sa mission de r\u00e9alisation du [&hellip;]<\/p>\n","protected":false},"author":17,"featured_media":249391,"comment_status":"open","ping_status":"open","sticky":false,"template":"","format":"standard","meta":{"footnotes":""},"categories":[63957,63959],"tags":[63961],"class_list":["post-249390","post","type-post","status-publish","format-standard","has-post-thumbnail","hentry","category-fil-dactualite","category-mauritanie","tag-presidentielles-2024"],"_links":{"self":[{"href":"https:\/\/ami.mr\/fr\/wp-json\/wp\/v2\/posts\/249390","targetHints":{"allow":["GET"]}}],"collection":[{"href":"https:\/\/ami.mr\/fr\/wp-json\/wp\/v2\/posts"}],"about":[{"href":"https:\/\/ami.mr\/fr\/wp-json\/wp\/v2\/types\/post"}],"author":[{"embeddable":true,"href":"https:\/\/ami.mr\/fr\/wp-json\/wp\/v2\/users\/17"}],"replies":[{"embeddable":true,"href":"https:\/\/ami.mr\/fr\/wp-json\/wp\/v2\/comments?post=249390"}],"version-history":[{"count":1,"href":"https:\/\/ami.mr\/fr\/wp-json\/wp\/v2\/posts\/249390\/revisions"}],"predecessor-version":[{"id":249392,"href":"https:\/\/ami.mr\/fr\/wp-json\/wp\/v2\/posts\/249390\/revisions\/249392"}],"wp:featuredmedia":[{"embeddable":true,"href":"https:\/\/ami.mr\/fr\/wp-json\/wp\/v2\/media\/249391"}],"wp:attachment":[{"href":"https:\/\/ami.mr\/fr\/wp-json\/wp\/v2\/media?parent=249390"}],"wp:term":[{"taxonomy":"category","embeddable":true,"href":"https:\/\/ami.mr\/fr\/wp-json\/wp\/v2\/categories?post=249390"},{"taxonomy":"post_tag","embeddable":true,"href":"https:\/\/ami.mr\/fr\/wp-json\/wp\/v2\/tags?post=249390"}],"curies":[{"name":"wp","href":"https:\/\/api.w.org\/{rel}","templated":true}]}}