{"id":249256,"date":"2024-07-01T17:43:22","date_gmt":"2024-07-01T17:43:22","guid":{"rendered":"https:\/\/ami.mr\/fr\/?p=249256"},"modified":"2024-07-01T17:43:22","modified_gmt":"2024-07-01T17:43:22","slug":"le-president-de-la-republique-recoit-les-felicitations-de-son-homologue-senegalais-a-loccasion-de-sa-reelection","status":"publish","type":"post","link":"https:\/\/ami.mr\/fr\/archives\/249256","title":{"rendered":"Le Pr\u00e9sident de la R\u00e9publique re\u00e7oit les f\u00e9licitations de son homologue s\u00e9n\u00e9galais \u00e0 l&#8217;occasion de sa r\u00e9\u00e9lection"},"content":{"rendered":"<div class=\"row\">\n<div class=\"cell auto-size bd-gray\" dir=\"ltr\"><\/div>\n<\/div>\n<div class=\"row\">\n<div class=\"cell auto-size\">\n<div class=\"set-border bd-gray padding10 margin10 no-margin-right no-margin-left \" dir=\"ltr\">\n<p>Son Excellence le Pr\u00e9sident de la R\u00e9publique, Monsieur Mohamed Ould Cheikh El Ghazouani a re\u00e7u, lundi apr\u00e8s-midi, un appel t\u00e9l\u00e9phonique de Son Excellence le Pr\u00e9sident de la R\u00e9publique du S\u00e9n\u00e9gal, Monsieur Bassirou Diomaye Faye.<\/p>\n<p>Le Pr\u00e9sident s\u00e9n\u00e9galais a f\u00e9licit\u00e9 Son Excellence le Pr\u00e9sident de la R\u00e9publique \u00e0 l&#8217;occasion de sa r\u00e9\u00e9lection \u00e0 la t\u00eate de la R\u00e9publique Islamique de Mauritanie, tout en exprimant sa d\u00e9termination \u00e0 approfondir et \u00e0 diversifier les relations de coop\u00e9ration, de fraternit\u00e9 et d&#8217;amiti\u00e9 entre les deux pays et les deux peuples fr\u00e8res.<\/p>\n<p>De son c\u00f4t\u00e9, Son Excellence le Pr\u00e9sident de la R\u00e9publique a remerci\u00e9 son homologue s\u00e9n\u00e9galais pour son appel et ses f\u00e9licitations, soulignant sa volont\u00e9 de renforcer les relations de coop\u00e9ration et de fraternit\u00e9 entre les deux pays fr\u00e8res.<\/p>\n<\/div>\n<\/div>\n<\/div>\n","protected":false},"excerpt":{"rendered":"<p>Son Excellence le Pr\u00e9sident de la R\u00e9publique, Monsieur Mohamed Ould Cheikh El Ghazouani a re\u00e7u, lundi apr\u00e8s-midi, un appel t\u00e9l\u00e9phonique de Son Excellence le Pr\u00e9sident de la R\u00e9publique du S\u00e9n\u00e9gal, Monsieur Bassirou Diomaye Faye. Le Pr\u00e9sident s\u00e9n\u00e9galais a f\u00e9licit\u00e9 Son Excellence le Pr\u00e9sident de la R\u00e9publique \u00e0 l&#8217;occasion de sa r\u00e9\u00e9lection \u00e0 la t\u00eate de [&hellip;]<\/p>\n","protected":false},"author":8,"featured_media":249257,"comment_status":"open","ping_status":"open","sticky":false,"template":"","format":"standard","meta":{"footnotes":""},"categories":[63957,25,63921,63926],"tags":[],"class_list":["post-249256","post","type-post","status-publish","format-standard","has-post-thumbnail","hentry","category-fil-dactualite","category-25","category-slider-afficher","category-slider-general"],"_links":{"self":[{"href":"https:\/\/ami.mr\/fr\/wp-json\/wp\/v2\/posts\/249256","targetHints":{"allow":["GET"]}}],"collection":[{"href":"https:\/\/ami.mr\/fr\/wp-json\/wp\/v2\/posts"}],"about":[{"href":"https:\/\/ami.mr\/fr\/wp-json\/wp\/v2\/types\/post"}],"author":[{"embeddable":true,"href":"https:\/\/ami.mr\/fr\/wp-json\/wp\/v2\/users\/8"}],"replies":[{"embeddable":true,"href":"https:\/\/ami.mr\/fr\/wp-json\/wp\/v2\/comments?post=249256"}],"version-history":[{"count":1,"href":"https:\/\/ami.mr\/fr\/wp-json\/wp\/v2\/posts\/249256\/revisions"}],"predecessor-version":[{"id":249258,"href":"https:\/\/ami.mr\/fr\/wp-json\/wp\/v2\/posts\/249256\/revisions\/249258"}],"wp:featuredmedia":[{"embeddable":true,"href":"https:\/\/ami.mr\/fr\/wp-json\/wp\/v2\/media\/249257"}],"wp:attachment":[{"href":"https:\/\/ami.mr\/fr\/wp-json\/wp\/v2\/media?parent=249256"}],"wp:term":[{"taxonomy":"category","embeddable":true,"href":"https:\/\/ami.mr\/fr\/wp-json\/wp\/v2\/categories?post=249256"},{"taxonomy":"post_tag","embeddable":true,"href":"https:\/\/ami.mr\/fr\/wp-json\/wp\/v2\/tags?post=249256"}],"curies":[{"name":"wp","href":"https:\/\/api.w.org\/{rel}","templated":true}]}}