{"id":249183,"date":"2024-06-29T14:44:51","date_gmt":"2024-06-29T14:44:51","guid":{"rendered":"https:\/\/ami.mr\/fr\/?p=249183"},"modified":"2024-06-29T14:44:51","modified_gmt":"2024-06-29T14:44:51","slug":"le-candidat-biram-dah-abeid-a-vote-a-nouakchott","status":"publish","type":"post","link":"https:\/\/ami.mr\/fr\/archives\/249183","title":{"rendered":"Le candidat Biram Dah Abeid a vot\u00e9 \u00e0 Nouakchott"},"content":{"rendered":"<p>Le candidat \u00e0 l\u2019\u00e9lection pr\u00e9sidentielle 2024, M. Biram Dah Abeid a vot\u00e9 samedi matin au bureau n\u00b02 de l\u2019\u00e9cole Cheikh Sidi El Mokhtar situ\u00e9e dans la moughataa de Riyad (Nouakchott sud).<\/p>\n<p><img decoding=\"async\" class=\" wp-image-249185 alignright\" src=\"https:\/\/ami.mr\/fr\/wp-content\/uploads\/2024\/06\/29-06-2024-56-300x200.jpg\" alt=\"\" width=\"519\" height=\"346\" srcset=\"https:\/\/ami.mr\/fr\/wp-content\/uploads\/2024\/06\/29-06-2024-56-300x200.jpg 300w, https:\/\/ami.mr\/fr\/wp-content\/uploads\/2024\/06\/29-06-2024-56-768x512.jpg 768w, https:\/\/ami.mr\/fr\/wp-content\/uploads\/2024\/06\/29-06-2024-56.jpg 800w\" sizes=\"(max-width: 519px) 100vw, 519px\" \/>Apr\u00e8s avoir vot\u00e9, le candidat a d\u00e9clar\u00e9 aux m\u00e9dias nationaux et internationaux que \u00ab le r\u00e9gime a rassembl\u00e9 des personnes vuln\u00e9rables ayant des probl\u00e8mes financiers et de sant\u00e9 et les a orient\u00e9es vers les bureaux de vote, par l\u2019incitation et le leurre, avec la b\u00e9n\u00e9diction de la commission \u00e9lectorale nationale ind\u00e9pendante \u00bb.<\/p>\n<p>Il a ajout\u00e9 que la commission continue \u00e0 faire campagne en faveur d\u2019un candidat en particulier, apr\u00e8s la fin de la p\u00e9riode l\u00e9gale de la campagne \u00e9lectorale, le consid\u00e9rant comme le principal rival du candidat, Mohamed Ould Cheikh El Ghazouani.<\/p>\n<p>Le candidat a d\u00e9nonc\u00e9 le refus de la commission, bien qu\u2019elle ait \u00e9t\u00e9 inform\u00e9e de l\u2019heure de son vote, de lui organiser une c\u00e9r\u00e9monie d\u2019accueil comme les autres candidats tout en constatant que le repr\u00e9sentant de la commission est arriv\u00e9 apr\u00e8s qu\u2019il ait accompli son devoir de citoyen.<\/p>\n<p>Il a condamn\u00e9 la confiscation des t\u00e9l\u00e9phones de ses repr\u00e9sentants aux bureaux de vote et leur harc\u00e8lement, appelant le peuple mauritanien \u00e0 \u00ab se tenir debout avec toutes ses forces pour emp\u00eacher le vol de l\u2019avenir du pays \u00bb.<\/p>\n<p>M. Birama Dah Abeid a exprim\u00e9 sa satisfaction pour l\u2019enthousiasme exprim\u00e9 par le peuple mauritanien qui emp\u00eachera in\u00e9vitablement ce qu\u2019il qualifie de \u00ab fraude \u00bb tout en affirmant sa confiance dans sa victoire \u00e0 ces \u00e9lections.<\/p>\n<p>Il a salu\u00e9 le niveau de couverture m\u00e9diatique qui lui est accord\u00e9e par les m\u00e9diatiques publiques (l\u2019Agence Mauritanienne d\u2019Information, Radio Mauritanie et El Watania), ajoutant que le probl\u00e8me des m\u00e9dia publics c\u2019est qu\u2019ils n\u2019ouvrent leurs portes qu\u2019en p\u00e9riode de campagne alors qu\u2019en dehors de cela ils sont orient\u00e9s contre \u00ab le peuple, la v\u00e9rit\u00e9 et la transparence \u00bb.<\/p>\n","protected":false},"excerpt":{"rendered":"<p>Le candidat \u00e0 l\u2019\u00e9lection pr\u00e9sidentielle 2024, M. Biram Dah Abeid a vot\u00e9 samedi matin au bureau n\u00b02 de l\u2019\u00e9cole Cheikh Sidi El Mokhtar situ\u00e9e dans la moughataa de Riyad (Nouakchott sud). Apr\u00e8s avoir vot\u00e9, le candidat a d\u00e9clar\u00e9 aux m\u00e9dias nationaux et internationaux que \u00ab le r\u00e9gime a rassembl\u00e9 des personnes vuln\u00e9rables ayant des probl\u00e8mes [&hellip;]<\/p>\n","protected":false},"author":2,"featured_media":249184,"comment_status":"open","ping_status":"open","sticky":false,"template":"","format":"standard","meta":{"footnotes":""},"categories":[63957,63959],"tags":[63961],"class_list":["post-249183","post","type-post","status-publish","format-standard","has-post-thumbnail","hentry","category-fil-dactualite","category-mauritanie","tag-presidentielles-2024"],"_links":{"self":[{"href":"https:\/\/ami.mr\/fr\/wp-json\/wp\/v2\/posts\/249183","targetHints":{"allow":["GET"]}}],"collection":[{"href":"https:\/\/ami.mr\/fr\/wp-json\/wp\/v2\/posts"}],"about":[{"href":"https:\/\/ami.mr\/fr\/wp-json\/wp\/v2\/types\/post"}],"author":[{"embeddable":true,"href":"https:\/\/ami.mr\/fr\/wp-json\/wp\/v2\/users\/2"}],"replies":[{"embeddable":true,"href":"https:\/\/ami.mr\/fr\/wp-json\/wp\/v2\/comments?post=249183"}],"version-history":[{"count":1,"href":"https:\/\/ami.mr\/fr\/wp-json\/wp\/v2\/posts\/249183\/revisions"}],"predecessor-version":[{"id":249186,"href":"https:\/\/ami.mr\/fr\/wp-json\/wp\/v2\/posts\/249183\/revisions\/249186"}],"wp:featuredmedia":[{"embeddable":true,"href":"https:\/\/ami.mr\/fr\/wp-json\/wp\/v2\/media\/249184"}],"wp:attachment":[{"href":"https:\/\/ami.mr\/fr\/wp-json\/wp\/v2\/media?parent=249183"}],"wp:term":[{"taxonomy":"category","embeddable":true,"href":"https:\/\/ami.mr\/fr\/wp-json\/wp\/v2\/categories?post=249183"},{"taxonomy":"post_tag","embeddable":true,"href":"https:\/\/ami.mr\/fr\/wp-json\/wp\/v2\/tags?post=249183"}],"curies":[{"name":"wp","href":"https:\/\/api.w.org\/{rel}","templated":true}]}}