{"id":249161,"date":"2024-06-29T13:26:57","date_gmt":"2024-06-29T13:26:57","guid":{"rendered":"https:\/\/ami.mr\/fr\/?p=249161"},"modified":"2024-06-29T13:26:57","modified_gmt":"2024-06-29T13:26:57","slug":"le-president-de-la-ceni-vote-au-bureau-3-dans-le-college-ibn-sina","status":"publish","type":"post","link":"https:\/\/ami.mr\/fr\/archives\/249161","title":{"rendered":"Le pr\u00e9sident de la CENI vote au bureau 3 dans le coll\u00e8ge Ibn Sina"},"content":{"rendered":"<p>Le pr\u00e9sident de la Commission \u00e9lectorale nationale ind\u00e9pendante, M. Dah Abdel Jelil, a vot\u00e9, samedi matin, au coll\u00e8ge Ibn Sina \u00e0 Nouakchott Ouest , au premier tour des \u00e9lections pr\u00e9sidentielles 2024.<\/p>\n<p>Au cours de l&#8217;op\u00e9ration du vote, le pr\u00e9sident et la d\u00e9l\u00e9gation qui l&#8217;accompagne se sont inform\u00e9s des mesures prises pour assurer le bon d\u00e9roulement de l&#8217;op\u00e9ration dans la transparence et l&#8217;honn\u00eatet\u00e9.<\/p>\n<p>En marge du vote, le pr\u00e9sident de la CENI a eu un dialogue avec des observateurs internationaux des \u00e9lections, s&#8217;informant aupr\u00e8s d&#8217;eux sur le d\u00e9roulement de l&#8217;op\u00e9ration. Ces observateurs lui ont affirm\u00e9 que l&#8217;op\u00e9ration se d\u00e9roule de mani\u00e8re fluide et sans aucune atteinte jusqu&#8217;\u00e0 pr\u00e9sent.<\/p>\n","protected":false},"excerpt":{"rendered":"<p>Le pr\u00e9sident de la Commission \u00e9lectorale nationale ind\u00e9pendante, M. Dah Abdel Jelil, a vot\u00e9, samedi matin, au coll\u00e8ge Ibn Sina \u00e0 Nouakchott Ouest , au premier tour des \u00e9lections pr\u00e9sidentielles 2024. Au cours de l&#8217;op\u00e9ration du vote, le pr\u00e9sident et la d\u00e9l\u00e9gation qui l&#8217;accompagne se sont inform\u00e9s des mesures prises pour assurer le bon d\u00e9roulement [&hellip;]<\/p>\n","protected":false},"author":16,"featured_media":249171,"comment_status":"open","ping_status":"open","sticky":false,"template":"","format":"standard","meta":{"footnotes":""},"categories":[63957,63959],"tags":[63961],"class_list":["post-249161","post","type-post","status-publish","format-standard","has-post-thumbnail","hentry","category-fil-dactualite","category-mauritanie","tag-presidentielles-2024"],"_links":{"self":[{"href":"https:\/\/ami.mr\/fr\/wp-json\/wp\/v2\/posts\/249161","targetHints":{"allow":["GET"]}}],"collection":[{"href":"https:\/\/ami.mr\/fr\/wp-json\/wp\/v2\/posts"}],"about":[{"href":"https:\/\/ami.mr\/fr\/wp-json\/wp\/v2\/types\/post"}],"author":[{"embeddable":true,"href":"https:\/\/ami.mr\/fr\/wp-json\/wp\/v2\/users\/16"}],"replies":[{"embeddable":true,"href":"https:\/\/ami.mr\/fr\/wp-json\/wp\/v2\/comments?post=249161"}],"version-history":[{"count":1,"href":"https:\/\/ami.mr\/fr\/wp-json\/wp\/v2\/posts\/249161\/revisions"}],"predecessor-version":[{"id":249172,"href":"https:\/\/ami.mr\/fr\/wp-json\/wp\/v2\/posts\/249161\/revisions\/249172"}],"wp:featuredmedia":[{"embeddable":true,"href":"https:\/\/ami.mr\/fr\/wp-json\/wp\/v2\/media\/249171"}],"wp:attachment":[{"href":"https:\/\/ami.mr\/fr\/wp-json\/wp\/v2\/media?parent=249161"}],"wp:term":[{"taxonomy":"category","embeddable":true,"href":"https:\/\/ami.mr\/fr\/wp-json\/wp\/v2\/categories?post=249161"},{"taxonomy":"post_tag","embeddable":true,"href":"https:\/\/ami.mr\/fr\/wp-json\/wp\/v2\/tags?post=249161"}],"curies":[{"name":"wp","href":"https:\/\/api.w.org\/{rel}","templated":true}]}}