{"id":248993,"date":"2024-06-26T22:07:01","date_gmt":"2024-06-26T22:07:01","guid":{"rendered":"https:\/\/ami.mr\/fr\/?p=248993"},"modified":"2024-06-26T22:47:05","modified_gmt":"2024-06-26T22:47:05","slug":"presidentielle-2024-le-candidat-mohamed-ould-cheikh-el-ghazouani-presente-ses-realisations-et-les-grandes-lignes-de-son-programme-electoral-a-rosso","status":"publish","type":"post","link":"https:\/\/ami.mr\/fr\/archives\/248993","title":{"rendered":"Pr\u00e9sidentielle 2024 : Le candidat Mohamed Ould Cheikh El-Ghazouani pr\u00e9sente ses r\u00e9alisations et les grandes lignes de son programme \u00e9lectoral \u00e0 Rosso"},"content":{"rendered":"<div class=\"cell auto-size\">\n<div class=\"set-border bd-gray padding10 margin10 no-margin-right no-margin-left \" dir=\"ltr\">\n<p>Le candidat \u00e0 l\u2019\u00e9lection pr\u00e9sidentielle de 2024, Mohamed Ould Cheikh El-Ghazouani, a affirm\u00e9 que durant son premier mandat, il a pu r\u00e9aliser un bilan positif, notamment le lancement du processus de r\u00e9forme de l&#8217;\u00e9ducation pour entamer la mise en \u0153uvre du projet de l&#8217;\u00e9cole r\u00e9publicaine, la construction d&#8217;un grand nombre d&#8217;\u00e9tablissements scolaires, le recrutement et l&#8217;am\u00e9lioration des conditions de milliers d&#8217;enseignants, la construction et l&#8217;\u00e9quipement d&#8217;h\u00f4pitaux, de centres et de postes de sant\u00e9, l&#8217;am\u00e9lioration de la situation des citoyens les plus vuln\u00e9rables et l\u2019octroi de l\u2019assurance maladie \u00e0 des milliers de citoyens dans la wilaya du Trarza, \u00e0 l\u2019image des autres r\u00e9gions du pays, le bitumage de centaines de kilom\u00e8tres de routes, la construction de ponts et de si\u00e8ges d&#8217;institutions et d\u2019administrations et le renforcement des capacit\u00e9s des forces arm\u00e9es et de s\u00e9curit\u00e9, entre autres r\u00e9alisations.<\/p>\n<p>Le candidat Mohamed Ould Cheikh El-Ghazouani qui s\u2019exprimait au cours d&#8217;un meeting \u00e9lectoral organis\u00e9 par sa campagne, mercredi soir, dans la ville de Rosso, a ajout\u00e9 qu&#8217;il s&#8217;emploierait \u00e0 r\u00e9aliser une transformation profonde du d\u00e9veloppement \u00e0 tous les niveaux par la mise en \u0153uvre d&#8217;un programme ambitieux qui renforcera les interventions sociales en faveur des couches d\u00e9favoris\u00e9es de la soci\u00e9t\u00e9, am\u00e9liorera leur acc\u00e8s aux services de base tels que l&#8217;eau, l&#8217;\u00e9lectricit\u00e9, l&#8217;\u00e9ducation et la sant\u00e9. Il a \u00e9galement promis d\u2019\u00e9tendre l&#8217;assurance maladie, de poursuivre la mise en \u0153uvre du projet d&#8217;\u00e9cole r\u00e9publicaine, d\u2019am\u00e9liorer les conditions mat\u00e9rielles et morales du personnel des secteurs de l&#8217;\u00e9ducation, de la sant\u00e9, de l&#8217;arm\u00e9e et de la s\u00e9curit\u00e9, de parachever la r\u00e9forme de l&#8217;administration pour la rapprocher du citoyen, de lutter fermement contre la mauvaise gestion et \u00e0 la corruption et de responsabiliser encore plus les jeunes.<\/p>\n<p>Il a d\u00e9clar\u00e9 avoir \u0153uvr\u00e9, au cours des cinq derni\u00e8res ann\u00e9es, \u00e0 l&#8217;am\u00e9lioration des conditions de vie de la population de la wilaya du Trarza gr\u00e2ce \u00e0 des investissements s&#8217;\u00e9levant \u00e0 195 milliards d\u2019anciennes ouguiyas, ce qui place le Trarza au premier rang des investissements r\u00e9alis\u00e9s dans les diff\u00e9rentes wilayas du pays au cours de cette p\u00e9riode.<\/p>\n<p>Il a ajout\u00e9 que les r\u00e9alisations dans la wilaya comprenaient \u00e9galement la construction de 18 \u00e9tablissements scolaires, l&#8217;extension de 8 \u00e9coles primaires et de 13 coll\u00e8ges, l&#8217;ouverture de 345 cr\u00e8ches, la construction de trois centres de sant\u00e9, le lancement des travaux de quatre autres, l&#8217;ach\u00e8vement de la ligne \u00e9lectrique Nouakchott-Keur-Mac\u00e8ne, et la mise en \u0153uvre d&#8217;un projet d&#8217;approvisionnement des zones de Nouakchott-Keur-Mac\u00e8ne. Il a \u00e9galement cit\u00e9 la mise en \u0153uvre d&#8217;un projet d&#8217;\u00e9lectrification des zones de production agricole, l&#8217;\u00e9lectrification de dizaines de communes et de villages, la construction de si\u00e8ges pour les institutions publiques de l&#8217;Etat, la construction de deux stades de football dans la ville de Rosso, l\u2019assurance maladie profitant \u00e0 quelque 6045 personnes dans la wilaya et le cash transfert pour 13024 familles ainsi que des distributions r\u00e9guli\u00e8res de vivres.<\/p>\n<p>Le candidat Mohamed Ould Cheikh El-Ghazouani a appel\u00e9 les habitants du Trarza \u00e0 voter pour lui lors des \u00e9lections pr\u00e9sidentielles, dont le premier tour aura lieu le 29 de ce mois, afin de poursuivre la mise en \u0153uvre des programmes de d\u00e9veloppement que connait le pays et d\u2019en lancer de nouveaux qui permettront de franchir des \u00e9tapes importantes sur la voie du d\u00e9veloppement et de la croissance \u00e9conomique.<\/p>\n<\/div>\n<\/div>\n","protected":false},"excerpt":{"rendered":"<p>Le candidat \u00e0 l\u2019\u00e9lection pr\u00e9sidentielle de 2024, Mohamed Ould Cheikh El-Ghazouani, a affirm\u00e9 que durant son premier mandat, il a pu r\u00e9aliser un bilan positif, notamment le lancement du processus de r\u00e9forme de l&#8217;\u00e9ducation pour entamer la mise en \u0153uvre du projet de l&#8217;\u00e9cole r\u00e9publicaine, la construction d&#8217;un grand nombre d&#8217;\u00e9tablissements scolaires, le recrutement et [&hellip;]<\/p>\n","protected":false},"author":13,"featured_media":249002,"comment_status":"open","ping_status":"open","sticky":false,"template":"","format":"standard","meta":{"footnotes":""},"categories":[63957,63923],"tags":[63961],"class_list":["post-248993","post","type-post","status-publish","format-standard","has-post-thumbnail","hentry","category-fil-dactualite","category-slider-wilayas","tag-presidentielles-2024"],"_links":{"self":[{"href":"https:\/\/ami.mr\/fr\/wp-json\/wp\/v2\/posts\/248993","targetHints":{"allow":["GET"]}}],"collection":[{"href":"https:\/\/ami.mr\/fr\/wp-json\/wp\/v2\/posts"}],"about":[{"href":"https:\/\/ami.mr\/fr\/wp-json\/wp\/v2\/types\/post"}],"author":[{"embeddable":true,"href":"https:\/\/ami.mr\/fr\/wp-json\/wp\/v2\/users\/13"}],"replies":[{"embeddable":true,"href":"https:\/\/ami.mr\/fr\/wp-json\/wp\/v2\/comments?post=248993"}],"version-history":[{"count":1,"href":"https:\/\/ami.mr\/fr\/wp-json\/wp\/v2\/posts\/248993\/revisions"}],"predecessor-version":[{"id":248996,"href":"https:\/\/ami.mr\/fr\/wp-json\/wp\/v2\/posts\/248993\/revisions\/248996"}],"wp:featuredmedia":[{"embeddable":true,"href":"https:\/\/ami.mr\/fr\/wp-json\/wp\/v2\/media\/249002"}],"wp:attachment":[{"href":"https:\/\/ami.mr\/fr\/wp-json\/wp\/v2\/media?parent=248993"}],"wp:term":[{"taxonomy":"category","embeddable":true,"href":"https:\/\/ami.mr\/fr\/wp-json\/wp\/v2\/categories?post=248993"},{"taxonomy":"post_tag","embeddable":true,"href":"https:\/\/ami.mr\/fr\/wp-json\/wp\/v2\/tags?post=248993"}],"curies":[{"name":"wp","href":"https:\/\/api.w.org\/{rel}","templated":true}]}}