{"id":248948,"date":"2024-06-26T18:09:47","date_gmt":"2024-06-26T18:09:47","guid":{"rendered":"https:\/\/ami.mr\/fr\/?p=248948"},"modified":"2024-06-26T18:44:26","modified_gmt":"2024-06-26T18:44:26","slug":"le-ministre-des-affaires-etrangeres-recoit-le-charge-daffaires-a-lambassade-dalgerie-a-nouakchott","status":"publish","type":"post","link":"https:\/\/ami.mr\/fr\/archives\/248948","title":{"rendered":"Le ministre des Affaires \u00e9trang\u00e8res re\u00e7oit le charg\u00e9 d\u2019affaires \u00e0 l\u2019ambassade d\u2019Alg\u00e9rie \u00e0 Nouakchott"},"content":{"rendered":"<div class=\"cell auto-size\">\n<div class=\"set-border bd-gray padding10 margin10 no-margin-right no-margin-left \" dir=\"ltr\">\n<p>Le ministre des affaires \u00e9trang\u00e8res, de la coop\u00e9ration et des mauritaniens de l\u2019ext\u00e9rieur, M. Mohamed Salem Ould Merzoug, a re\u00e7u, mercredi, S.E.M Mohamed Kerim, charg\u00e9 d\u2019affaires \u00e0 l\u2019ambassade de la R\u00e9publique Alg\u00e9rienne D\u00e9mocratique et Populaire dans notre pays.<\/p>\n<p>L\u2019entretien a port\u00e9 sur les relations de coop\u00e9ration entre les deux pays fr\u00e8res, les moyens de les renforcer et de les d\u00e9velopper, ainsi que sur les questions d&#8217;int\u00e9r\u00eat commun.<\/p>\n<p>La rencontre s&#8217;est d\u00e9roul\u00e9e en pr\u00e9sence de M. Hamza Mailim, Ambassadeur, Directeur Afrique \u00e0 la Direction G\u00e9n\u00e9rale de la Coop\u00e9ration Bilat\u00e9rale.<\/p>\n<\/div>\n<\/div>\n","protected":false},"excerpt":{"rendered":"<p>Le ministre des affaires \u00e9trang\u00e8res, de la coop\u00e9ration et des mauritaniens de l\u2019ext\u00e9rieur, M. Mohamed Salem Ould Merzoug, a re\u00e7u, mercredi, S.E.M Mohamed Kerim, charg\u00e9 d\u2019affaires \u00e0 l\u2019ambassade de la R\u00e9publique Alg\u00e9rienne D\u00e9mocratique et Populaire dans notre pays. L\u2019entretien a port\u00e9 sur les relations de coop\u00e9ration entre les deux pays fr\u00e8res, les moyens de les [&hellip;]<\/p>\n","protected":false},"author":13,"featured_media":248938,"comment_status":"open","ping_status":"open","sticky":false,"template":"","format":"standard","meta":{"footnotes":""},"categories":[63918,63919,63957,63959,63927],"tags":[],"class_list":["post-248948","post","type-post","status-publish","format-standard","has-post-thumbnail","hentry","category-autres","category-choix-du-redacteur","category-fil-dactualite","category-mauritanie","category-slider-mauritanie"],"_links":{"self":[{"href":"https:\/\/ami.mr\/fr\/wp-json\/wp\/v2\/posts\/248948","targetHints":{"allow":["GET"]}}],"collection":[{"href":"https:\/\/ami.mr\/fr\/wp-json\/wp\/v2\/posts"}],"about":[{"href":"https:\/\/ami.mr\/fr\/wp-json\/wp\/v2\/types\/post"}],"author":[{"embeddable":true,"href":"https:\/\/ami.mr\/fr\/wp-json\/wp\/v2\/users\/13"}],"replies":[{"embeddable":true,"href":"https:\/\/ami.mr\/fr\/wp-json\/wp\/v2\/comments?post=248948"}],"version-history":[{"count":3,"href":"https:\/\/ami.mr\/fr\/wp-json\/wp\/v2\/posts\/248948\/revisions"}],"predecessor-version":[{"id":248966,"href":"https:\/\/ami.mr\/fr\/wp-json\/wp\/v2\/posts\/248948\/revisions\/248966"}],"wp:featuredmedia":[{"embeddable":true,"href":"https:\/\/ami.mr\/fr\/wp-json\/wp\/v2\/media\/248938"}],"wp:attachment":[{"href":"https:\/\/ami.mr\/fr\/wp-json\/wp\/v2\/media?parent=248948"}],"wp:term":[{"taxonomy":"category","embeddable":true,"href":"https:\/\/ami.mr\/fr\/wp-json\/wp\/v2\/categories?post=248948"},{"taxonomy":"post_tag","embeddable":true,"href":"https:\/\/ami.mr\/fr\/wp-json\/wp\/v2\/tags?post=248948"}],"curies":[{"name":"wp","href":"https:\/\/api.w.org\/{rel}","templated":true}]}}