{"id":248730,"date":"2024-06-22T10:08:34","date_gmt":"2024-06-22T10:08:34","guid":{"rendered":"https:\/\/ami.mr\/fr\/?p=248730"},"modified":"2024-06-22T10:08:34","modified_gmt":"2024-06-22T10:08:34","slug":"presidentielle-2024-le-candidat-elid-mohameden-mbareck-organise-un-meeting-de-campagne-a-boutilimit","status":"publish","type":"post","link":"https:\/\/ami.mr\/fr\/archives\/248730","title":{"rendered":"Pr\u00e9sidentielle 2024 : Le candidat Elid Mohameden MBareck organise un meeting de campagne \u00e0 Boutilimit"},"content":{"rendered":"<p>Le candidat \u00e0 l&#8217;\u00e9lection pr\u00e9sidentielle de 2024, M. Elid Mohameden MBareck, a soulign\u00e9 que Boutilimit est un berceau de la science, de la culture et de la politique, d&#8217;o\u00f9 sont sorties des g\u00e9n\u00e9rations, dont le rayonnement a atteint toutes les contr\u00e9es et ne s&#8217;est pas limit\u00e9 \u00e0 la seule Mauritanie, soulignant que sa place et son r\u00f4le dans le pays sont pr\u00e9serv\u00e9s et ne peuvent \u00eatre oubli\u00e9s.<\/p>\n<p>Le candidat a ajout\u00e9, en pr\u00e9sidant un meeting \u00e9lectoral vendredi soir soir \u00e0 Boutilimit dans la wilaya du Trarza, que ceux qui veulent que la Mauritanie ait un avenir radieux doivent changer la situation actuelle.<\/p>\n<p>Au cours de ce meeting, il a pass\u00e9 en revue le contenu de son programme \u00e9lectoral, appelant les habitants de la moughataa \u00e0 adh\u00e9rer au projet de changement adopt\u00e9 par l&#8217;Alliance des forces du salut (ASF).<\/p>\n<p>Pour sa part, le staff de campagne du candidat a appel\u00e9 les habitants de Boutilimit \u00e0 voter pour le candidat de l&#8217;Alliance des forces de salut le 29 juin, soulignant que l&#8217;alliance, qui regroupe un certain nombre de partis politiques de l&#8217;opposition, porte des projets aptes \u00e0 d\u00e9velopper le pays et le faire avancer \u00e0 tous les niveaux.<\/p>\n<p>Ils ont \u00e9galement critiqu\u00e9 l&#8217;\u00e9tat actuel du pays, le qualifiant de &#8220;mis\u00e9rable \u00e0 tous les niveaux&#8221;.<\/p>\n<p>Le candidat a fait une escale dans la moughataa d&#8217;Oued Naqa, au cours de laquelle il a rencontr\u00e9 certains de ses partisans et les a exhort\u00e9s \u00e0 intensifier la mobilisation et la sensibilisation pour gagner le plus grand nombre d&#8217;\u00e9lecteurs au niveau de la moughataa.<\/p>\n","protected":false},"excerpt":{"rendered":"<p>Le candidat \u00e0 l&#8217;\u00e9lection pr\u00e9sidentielle de 2024, M. Elid Mohameden MBareck, a soulign\u00e9 que Boutilimit est un berceau de la science, de la culture et de la politique, d&#8217;o\u00f9 sont sorties des g\u00e9n\u00e9rations, dont le rayonnement a atteint toutes les contr\u00e9es et ne s&#8217;est pas limit\u00e9 \u00e0 la seule Mauritanie, soulignant que sa place et [&hellip;]<\/p>\n","protected":false},"author":10,"featured_media":248731,"comment_status":"open","ping_status":"open","sticky":false,"template":"","format":"standard","meta":{"footnotes":""},"categories":[63957,8672],"tags":[63962,63961],"class_list":["post-248730","post","type-post","status-publish","format-standard","has-post-thumbnail","hentry","category-fil-dactualite","category-8672","tag-pre","tag-presidentielles-2024"],"_links":{"self":[{"href":"https:\/\/ami.mr\/fr\/wp-json\/wp\/v2\/posts\/248730","targetHints":{"allow":["GET"]}}],"collection":[{"href":"https:\/\/ami.mr\/fr\/wp-json\/wp\/v2\/posts"}],"about":[{"href":"https:\/\/ami.mr\/fr\/wp-json\/wp\/v2\/types\/post"}],"author":[{"embeddable":true,"href":"https:\/\/ami.mr\/fr\/wp-json\/wp\/v2\/users\/10"}],"replies":[{"embeddable":true,"href":"https:\/\/ami.mr\/fr\/wp-json\/wp\/v2\/comments?post=248730"}],"version-history":[{"count":1,"href":"https:\/\/ami.mr\/fr\/wp-json\/wp\/v2\/posts\/248730\/revisions"}],"predecessor-version":[{"id":248732,"href":"https:\/\/ami.mr\/fr\/wp-json\/wp\/v2\/posts\/248730\/revisions\/248732"}],"wp:featuredmedia":[{"embeddable":true,"href":"https:\/\/ami.mr\/fr\/wp-json\/wp\/v2\/media\/248731"}],"wp:attachment":[{"href":"https:\/\/ami.mr\/fr\/wp-json\/wp\/v2\/media?parent=248730"}],"wp:term":[{"taxonomy":"category","embeddable":true,"href":"https:\/\/ami.mr\/fr\/wp-json\/wp\/v2\/categories?post=248730"},{"taxonomy":"post_tag","embeddable":true,"href":"https:\/\/ami.mr\/fr\/wp-json\/wp\/v2\/tags?post=248730"}],"curies":[{"name":"wp","href":"https:\/\/api.w.org\/{rel}","templated":true}]}}