{"id":248555,"date":"2024-06-18T22:03:38","date_gmt":"2024-06-18T22:03:38","guid":{"rendered":"https:\/\/ami.mr\/fr\/?p=248555"},"modified":"2024-06-18T23:08:09","modified_gmt":"2024-06-18T23:08:09","slug":"presidentielles-2024-le-candidat-biram-ould-dah-ould-abeid-passe-en-revue-son-programme-electoral-devant-les-populations-de-kiffa","status":"publish","type":"post","link":"https:\/\/ami.mr\/fr\/archives\/248555","title":{"rendered":"Pr\u00e9sidentielles 2024: Le candidat Biram Ould Dah Ould Abeid passe en revue son programme \u00e9lectoral devant les populations de Kiffa"},"content":{"rendered":"<div class=\"row\"><\/div>\n<div class=\"row\">\n<div class=\"cell auto-size\">\n<div class=\"set-border bd-gray padding10 margin10 no-margin-right no-margin-left \" dir=\"ltr\">\n<p>Lecandidat aux \u00e9lections pr\u00e9sidentielles de 2024, M. Biram Dah Abeid, a pr\u00e9sid\u00e9, mardi soir dans la ville de Kiffa une soir\u00e9e \u00e9lectorale organis\u00e9e par ses sympathisants, et ce dans le cadre de la campagne \u00e9lectorale pr\u00e9parant les \u00e9lections pr\u00e9sidentielles dont le premier tour est pr\u00e9vu le 29 juin 2024.<\/p>\n<p>Le candidat a tout d&#8217;abord salu\u00e9 les populations pr\u00e9sentes qu&#8217;il a qualifi\u00e9es de foules de la victoire, ajoutant que le r\u00e9gime actuel a prouv\u00e9 son \u00e9chec dans l&#8217;ex\u00e9cution du programme qu&#8217;il s&#8217;est engag\u00e9 devant le peuple \u00e0 r\u00e9aliser. Il a indiqu\u00e9 que la journ\u00e9e du 29 juin connaitra le changement du r\u00e9gime \u00e0 travers les urnes, appelant ses sympathisants \u00e0 pr\u00e9server leurs votes contre la fraude \u00e9lectorale.<\/p>\n<p>Le candidat a pass\u00e9 ensuite en revue les grandes lignes de son programme \u00e9lectoral qui aura, a-t-il dit, des r\u00e9percussions positives sur la vie sociale et \u00e9conomique des populations.<\/p>\n<p>Le candidat avait tenu mardi apr\u00e8s midi dans la ville de Kiffa une conf\u00e9rence de presse dans laquelle il a indiqu\u00e9 qu&#8217;il est avec la l\u00e9galit\u00e9, la paix sociale et la loi, pr\u00e9cisant qu&#8217;il ne se soumet qu&#8217;\u00e0 la loi.<\/p>\n<p>Il a critiqu\u00e9 ce qu&#8217;il a qualifi\u00e9 &#8221; de l&#8217;utilisation de l&#8217;institution militaire et s\u00e9curitaire au cours de la campagne \u00e9lectorale&#8221;, estimant que cela est consid\u00e9r\u00e9 comme un message pour faire peur et aussi de menace, selon ses propos.<\/p>\n<p>Il a ajout\u00e9 que l&#8217;utilisation de la force contre le peuple parce qu&#8217;il aspire au changement est une chose inacceptable et que &#8220;nous rejetons&#8221;.<\/p>\n<p>Il a en outre soulign\u00e9 que la d\u00e9claration du directeur de la campagne du candidat Mohamed Ould Cheikh El Ghazouani portant sur l&#8217;\u00e9valuation des concurrents de son candidat dans les \u00e9lections pr\u00e9sidentielles , notamment en ce qui concerne la comp\u00e9tence est inacceptable, critiquant en m\u00eame temps &#8220;l&#8217;action de la commission \u00e9lectorale nationale ind\u00e9pendante et l&#8217;observatoire national des \u00e9lections qui n\u2019\u0153uvrent pas avec la transparence requise au niveau international&#8221;, qualifiant cela de &#8220;d\u00e9veloppement grave&#8221;.<\/p>\n<\/div>\n<\/div>\n<\/div>\n","protected":false},"excerpt":{"rendered":"<p>Lecandidat aux \u00e9lections pr\u00e9sidentielles de 2024, M. Biram Dah Abeid, a pr\u00e9sid\u00e9, mardi soir dans la ville de Kiffa une soir\u00e9e \u00e9lectorale organis\u00e9e par ses sympathisants, et ce dans le cadre de la campagne \u00e9lectorale pr\u00e9parant les \u00e9lections pr\u00e9sidentielles dont le premier tour est pr\u00e9vu le 29 juin 2024. Le candidat a tout d&#8217;abord salu\u00e9 [&hellip;]<\/p>\n","protected":false},"author":8,"featured_media":248558,"comment_status":"open","ping_status":"open","sticky":false,"template":"","format":"standard","meta":{"footnotes":""},"categories":[63957,8672],"tags":[63961],"class_list":["post-248555","post","type-post","status-publish","format-standard","has-post-thumbnail","hentry","category-fil-dactualite","category-8672","tag-presidentielles-2024"],"_links":{"self":[{"href":"https:\/\/ami.mr\/fr\/wp-json\/wp\/v2\/posts\/248555","targetHints":{"allow":["GET"]}}],"collection":[{"href":"https:\/\/ami.mr\/fr\/wp-json\/wp\/v2\/posts"}],"about":[{"href":"https:\/\/ami.mr\/fr\/wp-json\/wp\/v2\/types\/post"}],"author":[{"embeddable":true,"href":"https:\/\/ami.mr\/fr\/wp-json\/wp\/v2\/users\/8"}],"replies":[{"embeddable":true,"href":"https:\/\/ami.mr\/fr\/wp-json\/wp\/v2\/comments?post=248555"}],"version-history":[{"count":1,"href":"https:\/\/ami.mr\/fr\/wp-json\/wp\/v2\/posts\/248555\/revisions"}],"predecessor-version":[{"id":248559,"href":"https:\/\/ami.mr\/fr\/wp-json\/wp\/v2\/posts\/248555\/revisions\/248559"}],"wp:featuredmedia":[{"embeddable":true,"href":"https:\/\/ami.mr\/fr\/wp-json\/wp\/v2\/media\/248558"}],"wp:attachment":[{"href":"https:\/\/ami.mr\/fr\/wp-json\/wp\/v2\/media?parent=248555"}],"wp:term":[{"taxonomy":"category","embeddable":true,"href":"https:\/\/ami.mr\/fr\/wp-json\/wp\/v2\/categories?post=248555"},{"taxonomy":"post_tag","embeddable":true,"href":"https:\/\/ami.mr\/fr\/wp-json\/wp\/v2\/tags?post=248555"}],"curies":[{"name":"wp","href":"https:\/\/api.w.org\/{rel}","templated":true}]}}