{"id":248407,"date":"2024-06-15T15:54:41","date_gmt":"2024-06-15T15:54:41","guid":{"rendered":"https:\/\/ami.mr\/fr\/?p=248407"},"modified":"2024-06-15T15:54:41","modified_gmt":"2024-06-15T15:54:41","slug":"cloture-du-forum-consultatif-sur-les-garanties-de-la-transparence-de-loperation-electorale","status":"publish","type":"post","link":"https:\/\/ami.mr\/fr\/archives\/248407","title":{"rendered":"Cl\u00f4ture du forum consultatif sur les garanties de la transparence de l\u2019op\u00e9ration \u00e9lectorale"},"content":{"rendered":"<p>Cl\u00f4ture d, samedi \u00e0 Nouakchott, forum consultatif sur les garanties de la transparence de l\u2019op\u00e9ration \u00e9lectorale, organis\u00e9 par la Haute Autorit\u00e9 de la Presse et de l&#8217;Audiovisuel en collaboration avec la Repr\u00e9sentation de l&#8217;Union europ\u00e9enne en Mauritanie.<\/p>\n<p>La rencontre, de trois jours, a abord\u00e9 plusieurs th\u00e8mes, dont l&#8217;adoption d&#8217;un code de d\u00e9ontologie qui constitue un engagement volontaire de la part des diff\u00e9rents participants conform\u00e9ment aux dispositions l\u00e9gales r\u00e9gissant l\u2019op\u00e9ration \u00e9lectorale en vue d&#8217;assurer et de renforcer la transparence des \u00e9lections.<\/p>\n<p>Cl\u00f4turant le formum, le Pr\u00e9sident de la Haute Autorit\u00e9 de la Presse et de l&#8217;Audiovisuel, M. El Houssein Ould Meddou, a indiqu\u00e9 que les trois jours du forum ont \u00e9t\u00e9 marqu\u00e9s par une s\u00e9rie d&#8217;expos\u00e9s de haut niveau visant \u00e0 s\u00e9curiser les m\u00e9canismes permettant d&#8217;assurer la transparence des \u00e9lections pr\u00e9sidentielles dans notre pays.<\/p>\n<p>Il a pr\u00e9cis\u00e9 que ces pr\u00e9sentations ont trait\u00e9 des th\u00e8mes aussi vari\u00e9s que les r\u00f4les des m\u00e9dias, les r\u00f4les des organisations de la soci\u00e9t\u00e9 civile, les organes en charge de la r\u00e9gulation physique, les m\u00e9canismes de renforcement de la confiance dans l\u2019op\u00e9ration \u00e9lectorals, les d\u00e9fis pos\u00e9s par la transformation num\u00e9rique, et les m\u00e9canismes de lutte contre les discours de haine et les\u2019\u2019 fake news\u2019\u2019.<\/p>\n<p>Ould Medou a ajout\u00e9 que les travaux du forum ont \u00e9t\u00e9 couronn\u00e9s par l&#8217;approbation par les participants d&#8217;un code de conduite r\u00e9glementant les actions des acteurs de la campagne, soulignant que le contenu de ce code de conduite constitue un engagement volontaire visant \u00e0 respecter strictement les dispositions l\u00e9gales r\u00e9gissant l\u2019op\u00e9ration \u00e9lectorale de la part de tous les acteurs impliqu\u00e9s dans la campagne, y compris les repr\u00e9sentants des candidats, les m\u00e9dias, les organes de la soci\u00e9t\u00e9 civile et les organes assurant l&#8217;organisation mat\u00e9rielle des \u00e9lections.<\/p>\n<p>Il a soulign\u00e9 l&#8217;importance de consacrer tous les espaces libres disponibles aux candidats pour expliquer leurs programmes et \u00e9duquer les \u00e9lecteurs afin qu&#8217;ils fassent un choix \u00e9clair\u00e9 et correct, incarnant cet engagement dans les comportements quotidiens au cours de la campagne et respectant la mani\u00e8re dont les candidats traitent avec les \u00e9lecteurs, en plus de leur interaction avec les journalistes.<\/p>\n<p>Le pr\u00e9sident de la HAPA a, enfin, remerci\u00e9 tous ceux qui ont contribu\u00e9 au succ\u00e8s de ce forum, ainsi que tous les participants pour leur contribution constructive et leur assiduit\u00e9 tout au long des trois jours de pr\u00e9sentations.<\/p>\n<p>La c\u00e9r\u00e9monie de cl\u00f4ture s&#8217;est d\u00e9roul\u00e9e en pr\u00e9sence des membres de l&#8217;Autorit\u00e9, des repr\u00e9sentants des m\u00e9dias, des partis politiques et des organisations de la soci\u00e9t\u00e9 civile.<\/p>\n","protected":false},"excerpt":{"rendered":"<p>Cl\u00f4ture d, samedi \u00e0 Nouakchott, forum consultatif sur les garanties de la transparence de l\u2019op\u00e9ration \u00e9lectorale, organis\u00e9 par la Haute Autorit\u00e9 de la Presse et de l&#8217;Audiovisuel en collaboration avec la Repr\u00e9sentation de l&#8217;Union europ\u00e9enne en Mauritanie. La rencontre, de trois jours, a abord\u00e9 plusieurs th\u00e8mes, dont l&#8217;adoption d&#8217;un code de d\u00e9ontologie qui constitue un [&hellip;]<\/p>\n","protected":false},"author":16,"featured_media":248411,"comment_status":"open","ping_status":"open","sticky":false,"template":"","format":"standard","meta":{"footnotes":""},"categories":[63918,63957,63959],"tags":[],"class_list":["post-248407","post","type-post","status-publish","format-standard","has-post-thumbnail","hentry","category-autres","category-fil-dactualite","category-mauritanie"],"_links":{"self":[{"href":"https:\/\/ami.mr\/fr\/wp-json\/wp\/v2\/posts\/248407","targetHints":{"allow":["GET"]}}],"collection":[{"href":"https:\/\/ami.mr\/fr\/wp-json\/wp\/v2\/posts"}],"about":[{"href":"https:\/\/ami.mr\/fr\/wp-json\/wp\/v2\/types\/post"}],"author":[{"embeddable":true,"href":"https:\/\/ami.mr\/fr\/wp-json\/wp\/v2\/users\/16"}],"replies":[{"embeddable":true,"href":"https:\/\/ami.mr\/fr\/wp-json\/wp\/v2\/comments?post=248407"}],"version-history":[{"count":1,"href":"https:\/\/ami.mr\/fr\/wp-json\/wp\/v2\/posts\/248407\/revisions"}],"predecessor-version":[{"id":248412,"href":"https:\/\/ami.mr\/fr\/wp-json\/wp\/v2\/posts\/248407\/revisions\/248412"}],"wp:featuredmedia":[{"embeddable":true,"href":"https:\/\/ami.mr\/fr\/wp-json\/wp\/v2\/media\/248411"}],"wp:attachment":[{"href":"https:\/\/ami.mr\/fr\/wp-json\/wp\/v2\/media?parent=248407"}],"wp:term":[{"taxonomy":"category","embeddable":true,"href":"https:\/\/ami.mr\/fr\/wp-json\/wp\/v2\/categories?post=248407"},{"taxonomy":"post_tag","embeddable":true,"href":"https:\/\/ami.mr\/fr\/wp-json\/wp\/v2\/tags?post=248407"}],"curies":[{"name":"wp","href":"https:\/\/api.w.org\/{rel}","templated":true}]}}