{"id":248380,"date":"2024-06-15T04:09:27","date_gmt":"2024-06-15T04:09:27","guid":{"rendered":"https:\/\/ami.mr\/fr\/?p=248380"},"modified":"2024-07-04T16:18:50","modified_gmt":"2024-07-04T16:18:50","slug":"le-candidat-mohamed-ould-cheikh-el-ghazwani-preside-une-soiree-electorale-des-jeunes-qui-le-soutiennent","status":"publish","type":"post","link":"https:\/\/ami.mr\/fr\/archives\/248380","title":{"rendered":"Le candidat Mohamed Ould Cheikh El-Ghazwani pr\u00e9side une soir\u00e9e \u00e9lectorale des jeunes qui le soutiennent"},"content":{"rendered":"<p>Le candidat \u00e0 la pr\u00e9sidentielle, Mohamed Ould Cheikh El-Ghazouani a d\u00e9clar\u00e9 que son programme de son prochain mandat sera ax\u00e9 sur l\u2019int\u00e9gration, la formation et la promotion des jeunes, car il \u00e9tablira un organe charg\u00e9 de toutes les questions li\u00e9es \u00e0 la jeunesse. Cette institution aura les pleins pouvoirs pour le faire et construire des ponts de communication avec les jeunes dans le pays et \u00e0 l\u2019\u00e9tranger pour b\u00e9n\u00e9ficier de leur \u00e9nergie dans le d\u00e9veloppement du pays, la guerre contre le ch\u00f4mage des jeunes, et travailler \u00e0 impliquer les cercles d\u00e9cisionnels.<\/p>\n<p>\u00ab Nous construirons \u00e9galement de nombreuses infrastructures de loisirs, telles que des stades,des th\u00e9\u00e2tres, ainsi que l\u2019organisation d\u2019\u00e9v\u00e9nements sportifs internationaux \u00bb, a-t-il d\u00e9clar\u00e9, appelant les jeunes \u00e0 fournir le mod\u00e8le id\u00e9al en rejetant la paresse et la d\u00e9pendance, en respectant la loi, en \u00e9vitant la corruption et en contribuant \u00e0 changer les mentalit\u00e9s li\u00e9es au racisme, au sectarisme et au tribalisme, qui ne sont pas conformes au concept de l\u2019\u00c9tat.<\/p>\n<p>Dans une allocution qu\u2019il a prononc\u00e9e, vendredi soir, lors d\u2019une soir\u00e9e \u00e9lectorale organis\u00e9e par direction de la campagne des jeunes \u00e0 Dar Naim (Nouakchott nord), le candidat \u00e0 la pr\u00e9sidentielle 2024, a soulign\u00e9 que son choix des jeunes pour \u00eatre le titre du prochain mandat n\u2019\u00e9mane pas du Hazard, mais est venu de sa conviction de l\u2019importance de la jeunesse \u00e9tablie par la derni\u00e8re mission, d\u2019o\u00f9 il a conclu que le succ\u00e8s du pays et l\u2019entr\u00e9e dans les rangs des pays d\u00e9velopp\u00e9s d\u00e9pendent de la promotion de ses \u00e9nergies de jeunesse.<\/p>\n<p>Ainsi, le candidat ajoute que la perte de tout pays est la perte de sa jeunesse (manque de scolarisation, ch\u00f4mage, manque d&#8217;int\u00e9gration dans la vie publique, d\u00e9linquance&#8230;), de sorte que gagner le pari du d\u00e9veloppement reste tributaire du degr\u00e9 de notre efficacit\u00e9 \u00e0 exploiter les \u00e9nergies de notre jeunesse, soulignant la n\u00e9cessit\u00e9 de s&#8217;occuper de la jeunesse, de la prot\u00e9ger et de l&#8217;int\u00e9grer dans la vie active \u00e0 tous les niveaux et types de protection de la jeunesse.<\/p>\n<p>Il a soulign\u00e9 la n\u00e9cessit\u00e9 pour les jeunes de contribuer \u00e0 la mise en \u0153uvre de son programme \u00e9lectoral relatif \u00e0 la jeunesse, car il ne peut \u00eatre r\u00e9alis\u00e9 sans leurs efforts et leur participation.<\/p>\n<p>La soir\u00e9e \u00e9lectorale a \u00e9t\u00e9 marqu\u00e9e par un discours du directeur de la campagne des jeunes dans lequel il s\u2019est arr\u00eat\u00e9 sur les r\u00e9alisations qui ont eu lieu au cours du premier mandat pass\u00e9 et celles qui seront r\u00e9alis\u00e9es lors du mandat prochain, notamment dans l\u2019aspect social, et la soir\u00e9e a \u00e9t\u00e9 marqu\u00e9e par diverses manifestations artistiques.<\/p>\n<p>&nbsp;<\/p>\n","protected":false},"excerpt":{"rendered":"<p>Le candidat \u00e0 la pr\u00e9sidentielle, Mohamed Ould Cheikh El-Ghazouani a d\u00e9clar\u00e9 que son programme de son prochain mandat sera ax\u00e9 sur l\u2019int\u00e9gration, la formation et la promotion des jeunes, car il \u00e9tablira un organe charg\u00e9 de toutes les questions li\u00e9es \u00e0 la jeunesse. Cette institution aura les pleins pouvoirs pour le faire et construire des [&hellip;]<\/p>\n","protected":false},"author":13,"featured_media":249525,"comment_status":"open","ping_status":"open","sticky":false,"template":"","format":"standard","meta":{"footnotes":""},"categories":[63957,63959],"tags":[63961],"class_list":["post-248380","post","type-post","status-publish","format-standard","has-post-thumbnail","hentry","category-fil-dactualite","category-mauritanie","tag-presidentielles-2024"],"_links":{"self":[{"href":"https:\/\/ami.mr\/fr\/wp-json\/wp\/v2\/posts\/248380","targetHints":{"allow":["GET"]}}],"collection":[{"href":"https:\/\/ami.mr\/fr\/wp-json\/wp\/v2\/posts"}],"about":[{"href":"https:\/\/ami.mr\/fr\/wp-json\/wp\/v2\/types\/post"}],"author":[{"embeddable":true,"href":"https:\/\/ami.mr\/fr\/wp-json\/wp\/v2\/users\/13"}],"replies":[{"embeddable":true,"href":"https:\/\/ami.mr\/fr\/wp-json\/wp\/v2\/comments?post=248380"}],"version-history":[{"count":1,"href":"https:\/\/ami.mr\/fr\/wp-json\/wp\/v2\/posts\/248380\/revisions"}],"predecessor-version":[{"id":248383,"href":"https:\/\/ami.mr\/fr\/wp-json\/wp\/v2\/posts\/248380\/revisions\/248383"}],"wp:featuredmedia":[{"embeddable":true,"href":"https:\/\/ami.mr\/fr\/wp-json\/wp\/v2\/media\/249525"}],"wp:attachment":[{"href":"https:\/\/ami.mr\/fr\/wp-json\/wp\/v2\/media?parent=248380"}],"wp:term":[{"taxonomy":"category","embeddable":true,"href":"https:\/\/ami.mr\/fr\/wp-json\/wp\/v2\/categories?post=248380"},{"taxonomy":"post_tag","embeddable":true,"href":"https:\/\/ami.mr\/fr\/wp-json\/wp\/v2\/tags?post=248380"}],"curies":[{"name":"wp","href":"https:\/\/api.w.org\/{rel}","templated":true}]}}