{"id":248354,"date":"2024-06-14T21:03:54","date_gmt":"2024-06-14T21:03:54","guid":{"rendered":"https:\/\/ami.mr\/fr\/?p=248354"},"modified":"2024-06-14T21:03:54","modified_gmt":"2024-06-14T21:03:54","slug":"le-president-de-la-republique-president-de-lunion-africaine-rencontre-le-president-turc","status":"publish","type":"post","link":"https:\/\/ami.mr\/fr\/archives\/248354","title":{"rendered":"Le pr\u00e9sident de la R\u00e9publique, pr\u00e9sident de l&#8217;Union africaine, rencontre le pr\u00e9sident Turc"},"content":{"rendered":"<p>Son Excellence le Pr\u00e9sident de la R\u00e9publique, Pr\u00e9sident de l&#8217;Union africaine (UA), M. Mohamed Ould Cheikh El-Ghazouani, a rencontr\u00e9, vendredi \u00e0 Bari (Italie), S.E. Recep Tayyip Erdogan, Pr\u00e9sident de la Turquie.<\/p>\n<p>Au cours de la r\u00e9union, les deux pr\u00e9sidents ont pass\u00e9 en revue les aspects des relations bilat\u00e9rales distingu\u00e9es entre les deux pays fr\u00e8res et les moyens de les renforcer et de d\u00e9velopper divers aspects de la coop\u00e9ration et du partenariat avec les pays de l&#8217;UA dans diff\u00e9rents domaines.<\/p>\n<p>La rencontre s\u2019est d\u00e9roul\u00e9e en pr\u00e9sence de M. Mokhtar Ould Diay, ministre charg\u00e9 du cabinet du Pr\u00e9sident de la R\u00e9publique, M. Abdessalam Ould Mohamed Saleh, ministre de l&#8217;\u00e9conomie et du d\u00e9veloppement durable, et notre ambassadeur \u00e0 Rome, S.E.M. Mohamed Mahmoud Ould Dahi.<\/p>\n","protected":false},"excerpt":{"rendered":"<p>Son Excellence le Pr\u00e9sident de la R\u00e9publique, Pr\u00e9sident de l&#8217;Union africaine (UA), M. Mohamed Ould Cheikh El-Ghazouani, a rencontr\u00e9, vendredi \u00e0 Bari (Italie), S.E. Recep Tayyip Erdogan, Pr\u00e9sident de la Turquie. Au cours de la r\u00e9union, les deux pr\u00e9sidents ont pass\u00e9 en revue les aspects des relations bilat\u00e9rales distingu\u00e9es entre les deux pays fr\u00e8res et [&hellip;]<\/p>\n","protected":false},"author":13,"featured_media":248355,"comment_status":"open","ping_status":"open","sticky":false,"template":"","format":"standard","meta":{"footnotes":""},"categories":[63919,63957,25,63921,63926],"tags":[],"class_list":["post-248354","post","type-post","status-publish","format-standard","has-post-thumbnail","hentry","category-choix-du-redacteur","category-fil-dactualite","category-25","category-slider-afficher","category-slider-general"],"_links":{"self":[{"href":"https:\/\/ami.mr\/fr\/wp-json\/wp\/v2\/posts\/248354","targetHints":{"allow":["GET"]}}],"collection":[{"href":"https:\/\/ami.mr\/fr\/wp-json\/wp\/v2\/posts"}],"about":[{"href":"https:\/\/ami.mr\/fr\/wp-json\/wp\/v2\/types\/post"}],"author":[{"embeddable":true,"href":"https:\/\/ami.mr\/fr\/wp-json\/wp\/v2\/users\/13"}],"replies":[{"embeddable":true,"href":"https:\/\/ami.mr\/fr\/wp-json\/wp\/v2\/comments?post=248354"}],"version-history":[{"count":1,"href":"https:\/\/ami.mr\/fr\/wp-json\/wp\/v2\/posts\/248354\/revisions"}],"predecessor-version":[{"id":248356,"href":"https:\/\/ami.mr\/fr\/wp-json\/wp\/v2\/posts\/248354\/revisions\/248356"}],"wp:featuredmedia":[{"embeddable":true,"href":"https:\/\/ami.mr\/fr\/wp-json\/wp\/v2\/media\/248355"}],"wp:attachment":[{"href":"https:\/\/ami.mr\/fr\/wp-json\/wp\/v2\/media?parent=248354"}],"wp:term":[{"taxonomy":"category","embeddable":true,"href":"https:\/\/ami.mr\/fr\/wp-json\/wp\/v2\/categories?post=248354"},{"taxonomy":"post_tag","embeddable":true,"href":"https:\/\/ami.mr\/fr\/wp-json\/wp\/v2\/tags?post=248354"}],"curies":[{"name":"wp","href":"https:\/\/api.w.org\/{rel}","templated":true}]}}