{"id":248343,"date":"2024-06-14T20:48:33","date_gmt":"2024-06-14T20:48:33","guid":{"rendered":"https:\/\/ami.mr\/fr\/?p=248343"},"modified":"2024-07-03T17:13:24","modified_gmt":"2024-07-03T17:13:24","slug":"le-president-de-la-republique-president-de-lunion-africaine-recoit-le-president-du-conseil-europeen","status":"publish","type":"post","link":"https:\/\/ami.mr\/fr\/archives\/248343","title":{"rendered":"Le Pr\u00e9sident de la R\u00e9publique, pr\u00e9sident de l&#8217;Union Africaine re\u00e7oit le pr\u00e9sident du conseil europ\u00e9en"},"content":{"rendered":"<div class=\"cell auto-size\">\n<div class=\"set-border bd-gray padding10 margin10 no-margin-right no-margin-left \" dir=\"ltr\">\n<p>Le Pr\u00e9sident de la R\u00e9publique, Pr\u00e9sident de l&#8217;Union Africaine, Son Excellence Monsieur Mohamed Ould Cheikh El Ghazouani, a re\u00e7u en audience, vendredi soir, le pr\u00e9sident du Conseil Europ\u00e9en, M. Charles Michel, et ce en marge du sommet du G7 tenu dans la ville italienne de Bari.<\/p>\n<p>La rencontre a port\u00e9 sur la coop\u00e9ration privil\u00e9gi\u00e9e existant entre la Mauritanie et l&#8217;Union Europ\u00e9enne et les moyens susceptibles de les d\u00e9velopper et de les impulser \u00e0 des horizons plus larges ainsi que sur les questions internationales et r\u00e9gionales d&#8217;int\u00e9r\u00eat commun et les perspectives de d\u00e9veloppement du partenariat et du d\u00e9veloppement avec les pays de l&#8217;Union Africaine.<\/p>\n<p>L&#8217;audience s&#8217;est d\u00e9roul\u00e9e en pr\u00e9sence de MM. le ministre charg\u00e9 du cabinet du Pr\u00e9sident de la R\u00e9publique, Moctar Ould Djay, du ministre de l&#8217;\u00e9conomie et du d\u00e9veloppement durable, Abdesselam Ould Mohamed Saleh et de notre ambassadeur \u00e0 Rome, SEM. Mohamed Mahmoud Ould Dahi.<\/p>\n<\/div>\n<\/div>\n","protected":false},"excerpt":{"rendered":"<p>Le Pr\u00e9sident de la R\u00e9publique, Pr\u00e9sident de l&#8217;Union Africaine, Son Excellence Monsieur Mohamed Ould Cheikh El Ghazouani, a re\u00e7u en audience, vendredi soir, le pr\u00e9sident du Conseil Europ\u00e9en, M. Charles Michel, et ce en marge du sommet du G7 tenu dans la ville italienne de Bari. La rencontre a port\u00e9 sur la coop\u00e9ration privil\u00e9gi\u00e9e existant [&hellip;]<\/p>\n","protected":false},"author":13,"featured_media":249428,"comment_status":"open","ping_status":"open","sticky":false,"template":"","format":"standard","meta":{"footnotes":""},"categories":[63919,63957,25,63921,63926],"tags":[],"class_list":["post-248343","post","type-post","status-publish","format-standard","has-post-thumbnail","hentry","category-choix-du-redacteur","category-fil-dactualite","category-25","category-slider-afficher","category-slider-general"],"_links":{"self":[{"href":"https:\/\/ami.mr\/fr\/wp-json\/wp\/v2\/posts\/248343","targetHints":{"allow":["GET"]}}],"collection":[{"href":"https:\/\/ami.mr\/fr\/wp-json\/wp\/v2\/posts"}],"about":[{"href":"https:\/\/ami.mr\/fr\/wp-json\/wp\/v2\/types\/post"}],"author":[{"embeddable":true,"href":"https:\/\/ami.mr\/fr\/wp-json\/wp\/v2\/users\/13"}],"replies":[{"embeddable":true,"href":"https:\/\/ami.mr\/fr\/wp-json\/wp\/v2\/comments?post=248343"}],"version-history":[{"count":2,"href":"https:\/\/ami.mr\/fr\/wp-json\/wp\/v2\/posts\/248343\/revisions"}],"predecessor-version":[{"id":249420,"href":"https:\/\/ami.mr\/fr\/wp-json\/wp\/v2\/posts\/248343\/revisions\/249420"}],"wp:featuredmedia":[{"embeddable":true,"href":"https:\/\/ami.mr\/fr\/wp-json\/wp\/v2\/media\/249428"}],"wp:attachment":[{"href":"https:\/\/ami.mr\/fr\/wp-json\/wp\/v2\/media?parent=248343"}],"wp:term":[{"taxonomy":"category","embeddable":true,"href":"https:\/\/ami.mr\/fr\/wp-json\/wp\/v2\/categories?post=248343"},{"taxonomy":"post_tag","embeddable":true,"href":"https:\/\/ami.mr\/fr\/wp-json\/wp\/v2\/tags?post=248343"}],"curies":[{"name":"wp","href":"https:\/\/api.w.org\/{rel}","templated":true}]}}