{"id":248334,"date":"2024-06-14T19:07:27","date_gmt":"2024-06-14T19:07:27","guid":{"rendered":"https:\/\/ami.mr\/fr\/?p=248334"},"modified":"2024-07-04T10:59:10","modified_gmt":"2024-07-04T10:59:10","slug":"le-president-de-la-republique-president-de-lunion-africaine-recoit-le-president-du-groupe-de-la-banque-mondiale","status":"publish","type":"post","link":"https:\/\/ami.mr\/fr\/archives\/248334","title":{"rendered":"Le pr\u00e9sident de la R\u00e9publique, pr\u00e9sident de l&#8217;Union africaine, re\u00e7oit le pr\u00e9sident du Groupe de la banque mondiale"},"content":{"rendered":"<div class=\"cell auto-size\">\n<div class=\"set-border bd-gray padding10 margin10 no-margin-right no-margin-left \" dir=\"ltr\">\n<p>Son Excellence le Pr\u00e9sident de la R\u00e9publique, Pr\u00e9sident de l&#8217;Union africaine (UA), M. Mohamed Ould Cheikh El-Ghazouani, a rencontr\u00e9, vendredi \u00e0 Bari (Italie), en marge du Sommet du G7 r\u00e9unissant les principaux pays industrialis\u00e9s du monde, M. Ajay Banga, Pr\u00e9sident du Groupe de la Banque mondial.<\/p>\n<p>Au cours de la rencontre, Son Excellence le Pr\u00e9sident de la R\u00e9publique et le pr\u00e9sident de la BM ont discut\u00e9 des domaines de coop\u00e9ration entre notre pays et le Groupe de la Banque mondiale et ont pass\u00e9 en revue la vision les plans futurs et les engagements de l\u2019Institution financi\u00e8re internationale \u00e0 l&#8217;\u00e9gard des pays du continent africain.<\/p>\n<p>Ont particip\u00e9 \u00e0 la r\u00e9union : M. Mokhtar Ould Diay, ministre charg\u00e9 du cabinet du Pr\u00e9sident de la R\u00e9publique, M. Abdessalam Ould Mohamed Saleh, ministre de l&#8217;\u00e9conomie et du d\u00e9veloppement durable, et notre ambassadeur \u00e0 Rome, S.E.M. Mohamed Mahmoud Ould Dahi.<\/p>\n<\/div>\n<\/div>\n","protected":false},"excerpt":{"rendered":"<p>Son Excellence le Pr\u00e9sident de la R\u00e9publique, Pr\u00e9sident de l&#8217;Union africaine (UA), M. Mohamed Ould Cheikh El-Ghazouani, a rencontr\u00e9, vendredi \u00e0 Bari (Italie), en marge du Sommet du G7 r\u00e9unissant les principaux pays industrialis\u00e9s du monde, M. Ajay Banga, Pr\u00e9sident du Groupe de la Banque mondial. Au cours de la rencontre, Son Excellence le Pr\u00e9sident [&hellip;]<\/p>\n","protected":false},"author":13,"featured_media":249476,"comment_status":"open","ping_status":"open","sticky":false,"template":"","format":"standard","meta":{"footnotes":""},"categories":[63919,63957,25,63921,63926],"tags":[],"class_list":["post-248334","post","type-post","status-publish","format-standard","has-post-thumbnail","hentry","category-choix-du-redacteur","category-fil-dactualite","category-25","category-slider-afficher","category-slider-general"],"_links":{"self":[{"href":"https:\/\/ami.mr\/fr\/wp-json\/wp\/v2\/posts\/248334","targetHints":{"allow":["GET"]}}],"collection":[{"href":"https:\/\/ami.mr\/fr\/wp-json\/wp\/v2\/posts"}],"about":[{"href":"https:\/\/ami.mr\/fr\/wp-json\/wp\/v2\/types\/post"}],"author":[{"embeddable":true,"href":"https:\/\/ami.mr\/fr\/wp-json\/wp\/v2\/users\/13"}],"replies":[{"embeddable":true,"href":"https:\/\/ami.mr\/fr\/wp-json\/wp\/v2\/comments?post=248334"}],"version-history":[{"count":2,"href":"https:\/\/ami.mr\/fr\/wp-json\/wp\/v2\/posts\/248334\/revisions"}],"predecessor-version":[{"id":249475,"href":"https:\/\/ami.mr\/fr\/wp-json\/wp\/v2\/posts\/248334\/revisions\/249475"}],"wp:featuredmedia":[{"embeddable":true,"href":"https:\/\/ami.mr\/fr\/wp-json\/wp\/v2\/media\/249476"}],"wp:attachment":[{"href":"https:\/\/ami.mr\/fr\/wp-json\/wp\/v2\/media?parent=248334"}],"wp:term":[{"taxonomy":"category","embeddable":true,"href":"https:\/\/ami.mr\/fr\/wp-json\/wp\/v2\/categories?post=248334"},{"taxonomy":"post_tag","embeddable":true,"href":"https:\/\/ami.mr\/fr\/wp-json\/wp\/v2\/tags?post=248334"}],"curies":[{"name":"wp","href":"https:\/\/api.w.org\/{rel}","templated":true}]}}