{"id":248326,"date":"2024-06-14T18:27:41","date_gmt":"2024-06-14T18:27:41","guid":{"rendered":"https:\/\/ami.mr\/fr\/?p=248326"},"modified":"2024-07-10T13:02:35","modified_gmt":"2024-07-10T13:02:35","slug":"le-president-de-la-republique-president-de-lunion-africaine-sentretient-avec-le-secretaire-general-de-lonu","status":"publish","type":"post","link":"https:\/\/ami.mr\/fr\/archives\/248326","title":{"rendered":"Le pr\u00e9sident de la R\u00e9publique, pr\u00e9sident de l&#8217;Union africaine, s\u2019entretient avec le Secr\u00e9taire g\u00e9n\u00e9ral de l\u2019Onu"},"content":{"rendered":"<div class=\"cell auto-size\">\n<div class=\"set-border bd-gray padding10 margin10 no-margin-right no-margin-left \" dir=\"ltr\">\n<p>Son Excellence le Pr\u00e9sident de la R\u00e9publique, Pr\u00e9sident de l&#8217;Union africaine (UA), M. Mohamed Ould Cheikh El-Ghazouani, a rencontr\u00e9, vendredi \u00e0 Bari (Italie), en marge du Sommet du G7 r\u00e9unissant les principaux pays industrialis\u00e9s du monde, S.E. Antonio Guterres, Secr\u00e9taire g\u00e9n\u00e9ral des Nations unies.<\/p>\n<p>Au cours de la r\u00e9union, le Pr\u00e9sident de la R\u00e9publique et le haut responsable onusien ont discut\u00e9 d&#8217;un certain nombre de d\u00e9veloppements r\u00e9gionaux et internationaux, en particulier la situation au Moyen-Orient, notamment les d\u00e9veloppements \u00e0 Gaza et dans les territoires palestiniens occup\u00e9s, ainsi que des questions d&#8217;int\u00e9r\u00eat commun.<\/p>\n<p>Ont assist\u00e9 \u00e0 la r\u00e9union : M. Mokhtar Ould Diay, ministre charg\u00e9 du cabinet du Pr\u00e9sident de la R\u00e9publique et notre ambassadeur \u00e0 Rome, M. Mohamed Mahmoud Ould Dahi.<\/p>\n<\/div>\n<\/div>\n","protected":false},"excerpt":{"rendered":"<p>Son Excellence le Pr\u00e9sident de la R\u00e9publique, Pr\u00e9sident de l&#8217;Union africaine (UA), M. Mohamed Ould Cheikh El-Ghazouani, a rencontr\u00e9, vendredi \u00e0 Bari (Italie), en marge du Sommet du G7 r\u00e9unissant les principaux pays industrialis\u00e9s du monde, S.E. Antonio Guterres, Secr\u00e9taire g\u00e9n\u00e9ral des Nations unies. Au cours de la r\u00e9union, le Pr\u00e9sident de la R\u00e9publique et [&hellip;]<\/p>\n","protected":false},"author":13,"featured_media":249813,"comment_status":"open","ping_status":"open","sticky":false,"template":"","format":"standard","meta":{"footnotes":""},"categories":[63919,63957,25,63921,63926],"tags":[],"class_list":["post-248326","post","type-post","status-publish","format-standard","has-post-thumbnail","hentry","category-choix-du-redacteur","category-fil-dactualite","category-25","category-slider-afficher","category-slider-general"],"_links":{"self":[{"href":"https:\/\/ami.mr\/fr\/wp-json\/wp\/v2\/posts\/248326","targetHints":{"allow":["GET"]}}],"collection":[{"href":"https:\/\/ami.mr\/fr\/wp-json\/wp\/v2\/posts"}],"about":[{"href":"https:\/\/ami.mr\/fr\/wp-json\/wp\/v2\/types\/post"}],"author":[{"embeddable":true,"href":"https:\/\/ami.mr\/fr\/wp-json\/wp\/v2\/users\/13"}],"replies":[{"embeddable":true,"href":"https:\/\/ami.mr\/fr\/wp-json\/wp\/v2\/comments?post=248326"}],"version-history":[{"count":2,"href":"https:\/\/ami.mr\/fr\/wp-json\/wp\/v2\/posts\/248326\/revisions"}],"predecessor-version":[{"id":249493,"href":"https:\/\/ami.mr\/fr\/wp-json\/wp\/v2\/posts\/248326\/revisions\/249493"}],"wp:featuredmedia":[{"embeddable":true,"href":"https:\/\/ami.mr\/fr\/wp-json\/wp\/v2\/media\/249813"}],"wp:attachment":[{"href":"https:\/\/ami.mr\/fr\/wp-json\/wp\/v2\/media?parent=248326"}],"wp:term":[{"taxonomy":"category","embeddable":true,"href":"https:\/\/ami.mr\/fr\/wp-json\/wp\/v2\/categories?post=248326"},{"taxonomy":"post_tag","embeddable":true,"href":"https:\/\/ami.mr\/fr\/wp-json\/wp\/v2\/tags?post=248326"}],"curies":[{"name":"wp","href":"https:\/\/api.w.org\/{rel}","templated":true}]}}