{"id":247463,"date":"2024-06-03T12:08:04","date_gmt":"2024-06-03T12:08:04","guid":{"rendered":"https:\/\/ami.mr\/fr\/?p=247463"},"modified":"2024-06-04T15:18:41","modified_gmt":"2024-06-04T15:18:41","slug":"le-president-de-la-republique-et-president-de-lunion-africaine-a-seoul-pour-participer-au-sommet-coree-afrique","status":"publish","type":"post","link":"https:\/\/ami.mr\/fr\/archives\/247463","title":{"rendered":"Le Pr\u00e9sident de la R\u00e9publique et Pr\u00e9sident de l&#8217;Union africaine \u00e0 S\u00e9oul pour participer au Sommet Cor\u00e9e-Afrique"},"content":{"rendered":"<p>Son Excellence le Pr\u00e9sident de la R\u00e9publique et Pr\u00e9sident de l&#8217;Union africaine, Monsieur Mohamed Ould Cheikh El Ghazouani, est arriv\u00e9 dimanche soir \u00e0 S\u00e9oul pour participer au \u00ab Sommet Cor\u00e9e-Afrique 2024 \u00bb, qui se tiendra les 4 et 5 juin \u00e0 Ilsang City et \u00e0 S\u00e9oul.<\/p>\n<p>Son Excellence le Pr\u00e9sident de la R\u00e9publique a \u00e9t\u00e9 re\u00e7u \u00e0 l&#8217;a\u00e9roport par M. Oh Ki Woong, ministre des Petites et Moyennes Entreprises et des Startups, Mme Hyunwon Kim, directrice de la section protocole pour le Moyen-Orient, M. Sidia El Hadj, ambassadeur de Mauritanie \u00e0 S\u00e9oul, ainsi que SEM. Yoon Yeonjean, ambassadeur de la R\u00e9publique de Cor\u00e9e dans notre pays<\/p>\n<p>A ce sommet, organis\u00e9 sous le th\u00e8me \u00ab L&#8217;avenir que nous cr\u00e9ons ensemble : Croissance partag\u00e9e, durabilit\u00e9 et solidarit\u00e9 \u00bb, assistent des chefs d&#8217;\u00c9tat et de gouvernement africains, des responsables d&#8217;organisations internationales li\u00e9es \u00e0 l&#8217;Afrique, ainsi que des chefs d&#8217;entreprise de Cor\u00e9e et d&#8217;Afrique, dans le but de promouvoir la coop\u00e9ration et l&#8217;int\u00e9gration entre la Cor\u00e9e et le continent africain.<\/p>\n<p>Au cours de ce voyage, le Pr\u00e9sident de la R\u00e9publique est accompagn\u00e9 d&#8217;une importante d\u00e9l\u00e9gation comprenant :<\/p>\n<p>&#8211; Dr Mariem Mint El Dah, Premi\u00e8re dame.<\/p>\n<p>&#8211; M. Moctar Ould Djay, ministre charg\u00e9 de cabinet du Pr\u00e9sident de la R\u00e9publique ;<\/p>\n<p>&#8211; M. Mohamed Salem Ould Merzoug, ministre des Affaires \u00e9trang\u00e8res, de la Coop\u00e9ration et des Mauritaniens de l&#8217;Ext\u00e9rieur ;<\/p>\n<p>&#8211; M. Sidiya El Hadj, ambassadeur de Mauritanie \u00e0 S\u00e9oul ;<\/p>\n<p>&#8211; M. Ahmed Ould Bahini, charg\u00e9 de mission \u00e0 la Pr\u00e9sidence de la R\u00e9publique ;<\/p>\n<p>&#8211; M. Sid&#8217;Ahmed Ould Bouh, conseiller \u00e0 la Pr\u00e9sidence de la R\u00e9publique<\/p>\n<p>&#8211; M. El Hacen Ould Ahmed, directeur g\u00e9n\u00e9ral du protocole d\u2019\u00c9tat.<\/p>\n","protected":false},"excerpt":{"rendered":"<p>Son Excellence le Pr\u00e9sident de la R\u00e9publique et Pr\u00e9sident de l&#8217;Union africaine, Monsieur Mohamed Ould Cheikh El Ghazouani, est arriv\u00e9 dimanche soir \u00e0 S\u00e9oul pour participer au \u00ab Sommet Cor\u00e9e-Afrique 2024 \u00bb, qui se tiendra les 4 et 5 juin \u00e0 Ilsang City et \u00e0 S\u00e9oul. Son Excellence le Pr\u00e9sident de la R\u00e9publique a \u00e9t\u00e9 [&hellip;]<\/p>\n","protected":false},"author":16,"featured_media":247470,"comment_status":"open","ping_status":"open","sticky":false,"template":"","format":"standard","meta":{"footnotes":""},"categories":[63957,25,63921],"tags":[],"class_list":["post-247463","post","type-post","status-publish","format-standard","has-post-thumbnail","hentry","category-fil-dactualite","category-25","category-slider-afficher"],"_links":{"self":[{"href":"https:\/\/ami.mr\/fr\/wp-json\/wp\/v2\/posts\/247463","targetHints":{"allow":["GET"]}}],"collection":[{"href":"https:\/\/ami.mr\/fr\/wp-json\/wp\/v2\/posts"}],"about":[{"href":"https:\/\/ami.mr\/fr\/wp-json\/wp\/v2\/types\/post"}],"author":[{"embeddable":true,"href":"https:\/\/ami.mr\/fr\/wp-json\/wp\/v2\/users\/16"}],"replies":[{"embeddable":true,"href":"https:\/\/ami.mr\/fr\/wp-json\/wp\/v2\/comments?post=247463"}],"version-history":[{"count":2,"href":"https:\/\/ami.mr\/fr\/wp-json\/wp\/v2\/posts\/247463\/revisions"}],"predecessor-version":[{"id":247587,"href":"https:\/\/ami.mr\/fr\/wp-json\/wp\/v2\/posts\/247463\/revisions\/247587"}],"wp:featuredmedia":[{"embeddable":true,"href":"https:\/\/ami.mr\/fr\/wp-json\/wp\/v2\/media\/247470"}],"wp:attachment":[{"href":"https:\/\/ami.mr\/fr\/wp-json\/wp\/v2\/media?parent=247463"}],"wp:term":[{"taxonomy":"category","embeddable":true,"href":"https:\/\/ami.mr\/fr\/wp-json\/wp\/v2\/categories?post=247463"},{"taxonomy":"post_tag","embeddable":true,"href":"https:\/\/ami.mr\/fr\/wp-json\/wp\/v2\/tags?post=247463"}],"curies":[{"name":"wp","href":"https:\/\/api.w.org\/{rel}","templated":true}]}}