{"id":247120,"date":"2024-05-28T20:57:23","date_gmt":"2024-05-28T20:57:23","guid":{"rendered":"https:\/\/ami.mr\/fr\/?p=247120"},"modified":"2024-05-28T20:57:23","modified_gmt":"2024-05-28T20:57:23","slug":"le-premier-ministre-preside-une-reunion-du-comite-ministeriel-charge-du-suivi-du-programme-dapprovisionnement-en-aliments-de-betail-pour-lannee-2024","status":"publish","type":"post","link":"https:\/\/ami.mr\/fr\/archives\/247120","title":{"rendered":"Le Premier ministre pr\u00e9side une r\u00e9union du comit\u00e9 minist\u00e9riel charg\u00e9 du suivi du programme d&#8217;approvisionnement en aliments de b\u00e9tail pour l&#8217;ann\u00e9e 2024"},"content":{"rendered":"<p>Le Premier ministre, M. Mohamed Bilal Massoud, a pr\u00e9sid\u00e9, mardi au Premier minist\u00e8re, une r\u00e9union du comit\u00e9 minist\u00e9riel charg\u00e9 du suivi du programme d&#8217;approvisionnement en aliments de b\u00e9tail pour l&#8217;ann\u00e9e 2024.<\/p>\n<p>La r\u00e9union a \u00e9t\u00e9 consacr\u00e9e \u00e0 l&#8217;examen d&#8217;un rapport sur le niveau de mise en \u0153uvre du plan op\u00e9rationnel d&#8217;intervention et de distribution des fourrages pour le b\u00e9tail dans les diff\u00e9rentes wilayas du pays.<\/p>\n<p>Le Comit\u00e9 minist\u00e9riel a not\u00e9 avec satisfaction l&#8217;effort de l&#8217;intervention nationale sp\u00e9ciale pour soutenir la r\u00e9silience de la population dans la p\u00e9riode de soudure de cette ann\u00e9e, conform\u00e9ment aux hautes instructions donn\u00e9es au gouvernement par Son Excellence le Pr\u00e9sident de la R\u00e9publique, M. Mohamed Ould Cheikh El-Ghazouani, pour faire face au d\u00e9ficit pluviom\u00e9trique au cours de la derni\u00e8re saison des pluies.<\/p>\n<p>\u00c0 la fin de la r\u00e9union, le Premier ministre a charg\u00e9 le comit\u00e9 technique d&#8217;assurer un suivi mensuel du niveau de mise en \u0153uvre de ce programme, qui sera pr\u00e9sent\u00e9 sous forme de rapports mensuels par le comit\u00e9 technique. Il a \u00e9galement charg\u00e9 les secteurs minist\u00e9riels de poursuivre l&#8217;effort par la distribution et l&#8217;accompagnement de fourrage pour prot\u00e9ger le cheptel des risques de la situation caract\u00e9ris\u00e9e par un manque de pr\u00e9cipitations dans tout le pays.<\/p>\n","protected":false},"excerpt":{"rendered":"<p>Le Premier ministre, M. Mohamed Bilal Massoud, a pr\u00e9sid\u00e9, mardi au Premier minist\u00e8re, une r\u00e9union du comit\u00e9 minist\u00e9riel charg\u00e9 du suivi du programme d&#8217;approvisionnement en aliments de b\u00e9tail pour l&#8217;ann\u00e9e 2024. La r\u00e9union a \u00e9t\u00e9 consacr\u00e9e \u00e0 l&#8217;examen d&#8217;un rapport sur le niveau de mise en \u0153uvre du plan op\u00e9rationnel d&#8217;intervention et de distribution des [&hellip;]<\/p>\n","protected":false},"author":5,"featured_media":247121,"comment_status":"open","ping_status":"open","sticky":false,"template":"","format":"standard","meta":{"footnotes":""},"categories":[63957,63959,63921,63927],"tags":[],"class_list":["post-247120","post","type-post","status-publish","format-standard","has-post-thumbnail","hentry","category-fil-dactualite","category-mauritanie","category-slider-afficher","category-slider-mauritanie"],"_links":{"self":[{"href":"https:\/\/ami.mr\/fr\/wp-json\/wp\/v2\/posts\/247120","targetHints":{"allow":["GET"]}}],"collection":[{"href":"https:\/\/ami.mr\/fr\/wp-json\/wp\/v2\/posts"}],"about":[{"href":"https:\/\/ami.mr\/fr\/wp-json\/wp\/v2\/types\/post"}],"author":[{"embeddable":true,"href":"https:\/\/ami.mr\/fr\/wp-json\/wp\/v2\/users\/5"}],"replies":[{"embeddable":true,"href":"https:\/\/ami.mr\/fr\/wp-json\/wp\/v2\/comments?post=247120"}],"version-history":[{"count":1,"href":"https:\/\/ami.mr\/fr\/wp-json\/wp\/v2\/posts\/247120\/revisions"}],"predecessor-version":[{"id":247122,"href":"https:\/\/ami.mr\/fr\/wp-json\/wp\/v2\/posts\/247120\/revisions\/247122"}],"wp:featuredmedia":[{"embeddable":true,"href":"https:\/\/ami.mr\/fr\/wp-json\/wp\/v2\/media\/247121"}],"wp:attachment":[{"href":"https:\/\/ami.mr\/fr\/wp-json\/wp\/v2\/media?parent=247120"}],"wp:term":[{"taxonomy":"category","embeddable":true,"href":"https:\/\/ami.mr\/fr\/wp-json\/wp\/v2\/categories?post=247120"},{"taxonomy":"post_tag","embeddable":true,"href":"https:\/\/ami.mr\/fr\/wp-json\/wp\/v2\/tags?post=247120"}],"curies":[{"name":"wp","href":"https:\/\/api.w.org\/{rel}","templated":true}]}}