{"id":247108,"date":"2024-05-28T18:39:39","date_gmt":"2024-05-28T18:39:39","guid":{"rendered":"https:\/\/ami.mr\/fr\/?p=247108"},"modified":"2024-05-28T18:39:39","modified_gmt":"2024-05-28T18:39:39","slug":"le-president-du-conseil-constitutionnel-recoit-le-representant-special-du-sg-des-nu-pour-le-sahel","status":"publish","type":"post","link":"https:\/\/ami.mr\/fr\/archives\/247108","title":{"rendered":"Le Pr\u00e9sident du Conseil constitutionnel re\u00e7oit le repr\u00e9sentant sp\u00e9cial du SG des NU pour le Sahel"},"content":{"rendered":"<p>Le pr\u00e9sident du Conseil constitutionnel, Diallo Mamadou Bathia, a re\u00e7u, mardi soir \u00e0 Nouakchott, le repr\u00e9sentant sp\u00e9cial du secr\u00e9taire g\u00e9n\u00e9ral des Nations unies pour le Sahel et l&#8217;Afrique de l&#8217;Ouest, M. Leonardo Simao.<\/p>\n<p>La r\u00e9union a permis de discuter des moyens d&#8217;appuyer et de suivre les \u00e9lections pr\u00e9sidentielles afin de les organiser de mani\u00e8re transparente et satisfaisante pour tous.<\/p>\n<p>La r\u00e9union s&#8217;est d\u00e9roul\u00e9e en pr\u00e9sence de la secr\u00e9taire g\u00e9n\u00e9rale du Conseil, Mme Ebnata mint Khaless.<\/p>\n","protected":false},"excerpt":{"rendered":"<p>Le pr\u00e9sident du Conseil constitutionnel, Diallo Mamadou Bathia, a re\u00e7u, mardi soir \u00e0 Nouakchott, le repr\u00e9sentant sp\u00e9cial du secr\u00e9taire g\u00e9n\u00e9ral des Nations unies pour le Sahel et l&#8217;Afrique de l&#8217;Ouest, M. Leonardo Simao. La r\u00e9union a permis de discuter des moyens d&#8217;appuyer et de suivre les \u00e9lections pr\u00e9sidentielles afin de les organiser de mani\u00e8re transparente [&hellip;]<\/p>\n","protected":false},"author":5,"featured_media":247109,"comment_status":"open","ping_status":"open","sticky":false,"template":"","format":"standard","meta":{"footnotes":""},"categories":[63920,63957,63959,63927],"tags":[],"class_list":["post-247108","post","type-post","status-publish","format-standard","has-post-thumbnail","hentry","category-a-la-une","category-fil-dactualite","category-mauritanie","category-slider-mauritanie"],"_links":{"self":[{"href":"https:\/\/ami.mr\/fr\/wp-json\/wp\/v2\/posts\/247108","targetHints":{"allow":["GET"]}}],"collection":[{"href":"https:\/\/ami.mr\/fr\/wp-json\/wp\/v2\/posts"}],"about":[{"href":"https:\/\/ami.mr\/fr\/wp-json\/wp\/v2\/types\/post"}],"author":[{"embeddable":true,"href":"https:\/\/ami.mr\/fr\/wp-json\/wp\/v2\/users\/5"}],"replies":[{"embeddable":true,"href":"https:\/\/ami.mr\/fr\/wp-json\/wp\/v2\/comments?post=247108"}],"version-history":[{"count":1,"href":"https:\/\/ami.mr\/fr\/wp-json\/wp\/v2\/posts\/247108\/revisions"}],"predecessor-version":[{"id":247110,"href":"https:\/\/ami.mr\/fr\/wp-json\/wp\/v2\/posts\/247108\/revisions\/247110"}],"wp:featuredmedia":[{"embeddable":true,"href":"https:\/\/ami.mr\/fr\/wp-json\/wp\/v2\/media\/247109"}],"wp:attachment":[{"href":"https:\/\/ami.mr\/fr\/wp-json\/wp\/v2\/media?parent=247108"}],"wp:term":[{"taxonomy":"category","embeddable":true,"href":"https:\/\/ami.mr\/fr\/wp-json\/wp\/v2\/categories?post=247108"},{"taxonomy":"post_tag","embeddable":true,"href":"https:\/\/ami.mr\/fr\/wp-json\/wp\/v2\/tags?post=247108"}],"curies":[{"name":"wp","href":"https:\/\/api.w.org\/{rel}","templated":true}]}}