{"id":247085,"date":"2024-05-28T17:48:20","date_gmt":"2024-05-28T17:48:20","guid":{"rendered":"https:\/\/ami.mr\/fr\/?p=247085"},"modified":"2024-05-28T17:48:20","modified_gmt":"2024-05-28T17:48:20","slug":"le-ministre-de-la-fonction-publique-sentretient-avec-le-directeur-du-bit-au-maghreb","status":"publish","type":"post","link":"https:\/\/ami.mr\/fr\/archives\/247085","title":{"rendered":"Le ministre de la Fonction publique s&#8217;entretient avec le directeur du BIT au Maghreb"},"content":{"rendered":"<p>Le ministre de la Fonction publique et du Travail, M. Sidi Yahya Ould Cheikhna Ould Lemrabot, s&#8217;est entretenu, mardi \u00e0 Nouakchott, avec le Dr Halim Hamzaoui, directeur du Bureau International du Travail pour les pays du Maghreb, qui effectue actuellement une visite de travail dans le pays.<\/p>\n<p>Au cours de cet entretien, le ministre de la Fonction publique et du Travail a mis en exergue le niveau des relations entre la Mauritanie et le Bureau, passant en revue les aspects de la coop\u00e9ration entre les deux parties.<\/p>\n<p>Au cours de l\u2019entrevue, les discussions ont port\u00e9 sur plusieurs th\u00e8mes, dont la s\u00e9curit\u00e9 sociale des travailleurs, le dialogue social tripartite, les \u00e9lections des centrales syndicales, le travail d\u00e9cent, la lutte contre le travail des enfants, la sant\u00e9 et la s\u00e9curit\u00e9 au travail, ainsi que le renforcement des capacit\u00e9s des inspecteurs et contr\u00f4leurs du travail.<\/p>\n<p>De son c\u00f4t\u00e9, le directeur du Bureau International du Travail pour le Maghreb a exprim\u00e9 le soutien de la Mauritanie dans la mise en \u0153uvre des projets d&#8217;int\u00e9r\u00eat commun mis en \u0153uvre par le secteur pour am\u00e9liorer les conditions de travail et promouvoir le dialogue social entre les trois parties \u00e0 la production.<\/p>\n<p>La r\u00e9union s&#8217;est d\u00e9roul\u00e9e en pr\u00e9sence du secr\u00e9taire g\u00e9n\u00e9ral du minist\u00e8re de la Fonction Publique et du Travail, M. Moulaye Brahim Moulaye Idriss, du conseiller technique charg\u00e9 des affaires juridiques et du directeur g\u00e9n\u00e9ral du Travail.<\/p>\n","protected":false},"excerpt":{"rendered":"<p>Le ministre de la Fonction publique et du Travail, M. Sidi Yahya Ould Cheikhna Ould Lemrabot, s&#8217;est entretenu, mardi \u00e0 Nouakchott, avec le Dr Halim Hamzaoui, directeur du Bureau International du Travail pour les pays du Maghreb, qui effectue actuellement une visite de travail dans le pays. Au cours de cet entretien, le ministre de [&hellip;]<\/p>\n","protected":false},"author":5,"featured_media":247087,"comment_status":"open","ping_status":"open","sticky":false,"template":"","format":"standard","meta":{"footnotes":""},"categories":[1],"tags":[],"class_list":["post-247085","post","type-post","status-publish","format-standard","has-post-thumbnail","hentry","category-uncategorized"],"_links":{"self":[{"href":"https:\/\/ami.mr\/fr\/wp-json\/wp\/v2\/posts\/247085","targetHints":{"allow":["GET"]}}],"collection":[{"href":"https:\/\/ami.mr\/fr\/wp-json\/wp\/v2\/posts"}],"about":[{"href":"https:\/\/ami.mr\/fr\/wp-json\/wp\/v2\/types\/post"}],"author":[{"embeddable":true,"href":"https:\/\/ami.mr\/fr\/wp-json\/wp\/v2\/users\/5"}],"replies":[{"embeddable":true,"href":"https:\/\/ami.mr\/fr\/wp-json\/wp\/v2\/comments?post=247085"}],"version-history":[{"count":1,"href":"https:\/\/ami.mr\/fr\/wp-json\/wp\/v2\/posts\/247085\/revisions"}],"predecessor-version":[{"id":247089,"href":"https:\/\/ami.mr\/fr\/wp-json\/wp\/v2\/posts\/247085\/revisions\/247089"}],"wp:featuredmedia":[{"embeddable":true,"href":"https:\/\/ami.mr\/fr\/wp-json\/wp\/v2\/media\/247087"}],"wp:attachment":[{"href":"https:\/\/ami.mr\/fr\/wp-json\/wp\/v2\/media?parent=247085"}],"wp:term":[{"taxonomy":"category","embeddable":true,"href":"https:\/\/ami.mr\/fr\/wp-json\/wp\/v2\/categories?post=247085"},{"taxonomy":"post_tag","embeddable":true,"href":"https:\/\/ami.mr\/fr\/wp-json\/wp\/v2\/tags?post=247085"}],"curies":[{"name":"wp","href":"https:\/\/api.w.org\/{rel}","templated":true}]}}