{"id":247013,"date":"2024-05-27T20:18:31","date_gmt":"2024-05-27T20:18:31","guid":{"rendered":"https:\/\/ami.mr\/fr\/?p=247013"},"modified":"2024-05-27T20:19:14","modified_gmt":"2024-05-27T20:19:14","slug":"le-premier-ministre-preside-une-reunion-du-comite-ministeriel-charge-de-la-preparation-et-du-suivi-de-la-saison-des-pluies-2024","status":"publish","type":"post","link":"https:\/\/ami.mr\/fr\/archives\/247013","title":{"rendered":"Le Premier Ministre pr\u00e9side une r\u00e9union du comit\u00e9 minist\u00e9riel charg\u00e9 de la pr\u00e9paration et du suivi de la saison des pluies 2024"},"content":{"rendered":"<div class=\"row\"><\/div>\n<div class=\"row\">\n<div class=\"cell auto-size\">\n<div class=\"set-border bd-gray padding10 margin10 no-margin-right no-margin-left \" dir=\"ltr\">\n<p>Le Premier ministre, M. Mohamed Ould Bilal Massoud, a pr\u00e9sid\u00e9, lundi, une r\u00e9union du comit\u00e9 minist\u00e9riel charg\u00e9 de la pr\u00e9paration et du suivi de la saison des pluies 2024.<\/p>\n<p>Au cours de cette r\u00e9union, des pr\u00e9sentations techniques ont \u00e9t\u00e9 faites sur les pr\u00e9visions pluviom\u00e9triques de cette ann\u00e9e et sur les m\u00e9canismes d&#8217;activation du Plan National d&#8217;Intervention et de R\u00e9ponse aux Risques et Inondations.<\/p>\n<p>Apr\u00e8s discussion et d\u00e9lib\u00e9ration, le Premier Ministre a soulign\u00e9 l\u2019importance primordiale accord\u00e9e par SonExcellence le Pr\u00e9sident de la R\u00e9publique, M. Mohamed Ould Cheikh El-Ghazouani, \u00e0 la mise en place des m\u00e9canismes n\u00e9cessaires pour suivre les d\u00e9veloppements qui pourraient survenir au cours de la saison des pluies, caus\u00e9s par les niveaux \u00e9lev\u00e9s des eaux dans certaines parties du pays.<\/p>\n<p>Enfin, le Premier ministre a engag\u00e9 les secteurs concern\u00e9s \u00e0 prendre toutes les mesures n\u00e9cessaires pour intervenir rapidement, en cas de besoin, afin de prot\u00e9ger les citoyens et leurs biens ainsi que les installations \u00e9conomiques et sociales du publiques.<\/p>\n<\/div>\n<\/div>\n<\/div>\n","protected":false},"excerpt":{"rendered":"<p>Le Premier ministre, M. Mohamed Ould Bilal Massoud, a pr\u00e9sid\u00e9, lundi, une r\u00e9union du comit\u00e9 minist\u00e9riel charg\u00e9 de la pr\u00e9paration et du suivi de la saison des pluies 2024. Au cours de cette r\u00e9union, des pr\u00e9sentations techniques ont \u00e9t\u00e9 faites sur les pr\u00e9visions pluviom\u00e9triques de cette ann\u00e9e et sur les m\u00e9canismes d&#8217;activation du Plan National [&hellip;]<\/p>\n","protected":false},"author":8,"featured_media":247014,"comment_status":"open","ping_status":"open","sticky":false,"template":"","format":"standard","meta":{"footnotes":""},"categories":[63957,25,63921,63926],"tags":[],"class_list":["post-247013","post","type-post","status-publish","format-standard","has-post-thumbnail","hentry","category-fil-dactualite","category-25","category-slider-afficher","category-slider-general"],"_links":{"self":[{"href":"https:\/\/ami.mr\/fr\/wp-json\/wp\/v2\/posts\/247013","targetHints":{"allow":["GET"]}}],"collection":[{"href":"https:\/\/ami.mr\/fr\/wp-json\/wp\/v2\/posts"}],"about":[{"href":"https:\/\/ami.mr\/fr\/wp-json\/wp\/v2\/types\/post"}],"author":[{"embeddable":true,"href":"https:\/\/ami.mr\/fr\/wp-json\/wp\/v2\/users\/8"}],"replies":[{"embeddable":true,"href":"https:\/\/ami.mr\/fr\/wp-json\/wp\/v2\/comments?post=247013"}],"version-history":[{"count":1,"href":"https:\/\/ami.mr\/fr\/wp-json\/wp\/v2\/posts\/247013\/revisions"}],"predecessor-version":[{"id":247015,"href":"https:\/\/ami.mr\/fr\/wp-json\/wp\/v2\/posts\/247013\/revisions\/247015"}],"wp:featuredmedia":[{"embeddable":true,"href":"https:\/\/ami.mr\/fr\/wp-json\/wp\/v2\/media\/247014"}],"wp:attachment":[{"href":"https:\/\/ami.mr\/fr\/wp-json\/wp\/v2\/media?parent=247013"}],"wp:term":[{"taxonomy":"category","embeddable":true,"href":"https:\/\/ami.mr\/fr\/wp-json\/wp\/v2\/categories?post=247013"},{"taxonomy":"post_tag","embeddable":true,"href":"https:\/\/ami.mr\/fr\/wp-json\/wp\/v2\/tags?post=247013"}],"curies":[{"name":"wp","href":"https:\/\/api.w.org\/{rel}","templated":true}]}}