{"id":246586,"date":"2024-05-22T13:08:28","date_gmt":"2024-05-22T13:08:28","guid":{"rendered":"https:\/\/ami.mr\/fr\/?p=246586"},"modified":"2024-05-22T15:08:25","modified_gmt":"2024-05-22T15:08:25","slug":"le-president-de-la-republique-se-rend-a-ndjamena-pour-assister-a-la-ceremonie-dinvestiture-du-president-tchadien","status":"publish","type":"post","link":"https:\/\/ami.mr\/fr\/archives\/246586","title":{"rendered":"Le Pr\u00e9sident de la R\u00e9publique se rend \u00e0 N\u2019Djamena pour assister \u00e0 la c\u00e9r\u00e9monie d\u2019investiture du Pr\u00e9sident tchadien"},"content":{"rendered":"<p>Le Pr\u00e9sident de la R\u00e9publique, Son Excellence Monsieur Mohamed Ould Cheikh El Ghazouani, a quitt\u00e9 Nouakchott mercredi pour N\u2019Djamena o\u00f9 il assistera \u00e0 la c\u00e9r\u00e9monie d\u2019investiture du Pr\u00e9sident tchadien Son Excellence Monsieur Mahamat Idriss Deby Itno.<\/p>\n<p>le Pr\u00e9sident de la R\u00e9publique a \u00e9t\u00e9 salu\u00e9 \u00e0 son d\u00e9part de l\u2019a\u00e9roport international de Nouakchott &#8220;Oumtounsy&#8221; par le Premier ministre, M. Mohamed Ould Bilal Messoud, le ministre secr\u00e9taire g\u00e9n\u00e9ral de la pr\u00e9sidence de la R\u00e9publique, le ministre conseiller de la pr\u00e9sidence de la R\u00e9publique, des membres du gouvernement, le chef d\u2019\u00e9tat-major particulier du Pr\u00e9sident de la R\u00e9publique, le directrice adjointe de cabinet du pr\u00e9sident de la R\u00e9publique, le wali de Nouakchott ouest et le vice-pr\u00e9sidente de la r\u00e9gion de Nouakchott.<\/p>\n<p>Son Excellence le Pr\u00e9sident de la R\u00e9publique est accompagn\u00e9 d\u2019une importante d\u00e9l\u00e9gation comprenant MM :<\/p>\n<p>&#8211; Mokhtar Ould Djay, ministre charg\u00e9 de cabinet de la Pr\u00e9sidence de la R\u00e9publique ;<\/p>\n<p>&#8211; Sidati Ould Cheikh Ahmed A\u00efcha, Ambassadeur de Mauritanie au Tchad ;<\/p>\n<p>&#8211; Sidi Mohamed Ould Ghaber, charg\u00e9 de mission \u00e0 la pr\u00e9sidence de la R\u00e9publique ;<\/p>\n<p>&#8211; Houcein Ould Naji, conseiller \u00e0 la Pr\u00e9sidence de la R\u00e9publique ;<\/p>\n<p>&#8211; A\u00efssata Daouda Diallo, conseill\u00e8re \u00e0 la Pr\u00e9sidence de la R\u00e9publique ;<\/p>\n<p>&#8211; El Hassan Ould Ahmed, directeur g\u00e9n\u00e9ral du protocole d\u2019\u00c9tat.<\/p>\n","protected":false},"excerpt":{"rendered":"<p>Le Pr\u00e9sident de la R\u00e9publique, Son Excellence Monsieur Mohamed Ould Cheikh El Ghazouani, a quitt\u00e9 Nouakchott mercredi pour N\u2019Djamena o\u00f9 il assistera \u00e0 la c\u00e9r\u00e9monie d\u2019investiture du Pr\u00e9sident tchadien Son Excellence Monsieur Mahamat Idriss Deby Itno. le Pr\u00e9sident de la R\u00e9publique a \u00e9t\u00e9 salu\u00e9 \u00e0 son d\u00e9part de l\u2019a\u00e9roport international de Nouakchott &#8220;Oumtounsy&#8221; par le [&hellip;]<\/p>\n","protected":false},"author":16,"featured_media":246587,"comment_status":"open","ping_status":"open","sticky":false,"template":"","format":"standard","meta":{"footnotes":""},"categories":[63919,63957,25,63921,63926],"tags":[],"class_list":["post-246586","post","type-post","status-publish","format-standard","has-post-thumbnail","hentry","category-choix-du-redacteur","category-fil-dactualite","category-25","category-slider-afficher","category-slider-general"],"_links":{"self":[{"href":"https:\/\/ami.mr\/fr\/wp-json\/wp\/v2\/posts\/246586","targetHints":{"allow":["GET"]}}],"collection":[{"href":"https:\/\/ami.mr\/fr\/wp-json\/wp\/v2\/posts"}],"about":[{"href":"https:\/\/ami.mr\/fr\/wp-json\/wp\/v2\/types\/post"}],"author":[{"embeddable":true,"href":"https:\/\/ami.mr\/fr\/wp-json\/wp\/v2\/users\/16"}],"replies":[{"embeddable":true,"href":"https:\/\/ami.mr\/fr\/wp-json\/wp\/v2\/comments?post=246586"}],"version-history":[{"count":1,"href":"https:\/\/ami.mr\/fr\/wp-json\/wp\/v2\/posts\/246586\/revisions"}],"predecessor-version":[{"id":246588,"href":"https:\/\/ami.mr\/fr\/wp-json\/wp\/v2\/posts\/246586\/revisions\/246588"}],"wp:featuredmedia":[{"embeddable":true,"href":"https:\/\/ami.mr\/fr\/wp-json\/wp\/v2\/media\/246587"}],"wp:attachment":[{"href":"https:\/\/ami.mr\/fr\/wp-json\/wp\/v2\/media?parent=246586"}],"wp:term":[{"taxonomy":"category","embeddable":true,"href":"https:\/\/ami.mr\/fr\/wp-json\/wp\/v2\/categories?post=246586"},{"taxonomy":"post_tag","embeddable":true,"href":"https:\/\/ami.mr\/fr\/wp-json\/wp\/v2\/tags?post=246586"}],"curies":[{"name":"wp","href":"https:\/\/api.w.org\/{rel}","templated":true}]}}