{"id":246531,"date":"2024-05-21T19:37:24","date_gmt":"2024-05-21T19:37:24","guid":{"rendered":"https:\/\/ami.mr\/fr\/?p=246531"},"modified":"2024-05-22T11:56:00","modified_gmt":"2024-05-22T11:56:00","slug":"le-president-de-la-republique-recoit-les-lettres-de-creance-de-lambassadeur-de-la-republique-de-coree-2","status":"publish","type":"post","link":"https:\/\/ami.mr\/fr\/archives\/246531","title":{"rendered":"Le Pr\u00e9sident de la R\u00e9publique re\u00e7oit les lettres de cr\u00e9ance de l&#8217;ambassadeur de la R\u00e9publique de Cor\u00e9e"},"content":{"rendered":"<div class=\"row\">Son Excellence le Pr\u00e9sident de la R\u00e9publique, Monsieur Mohamed Ould Cheikh El Ghazouani, a re\u00e7u, mardi au Palais pr\u00e9sidentiel \u00e0 Nouakchott, les lettres de cr\u00e9ance de S.E.M Yoon Yeonjean, en sa qualit\u00e9 d&#8217;ambassadeur extraordinaire et pl\u00e9nipotentiaire de la R\u00e9publique de Cor\u00e9e aupr\u00e8s de la R\u00e9publique Islamique de Mauritanie.<\/div>\n<div class=\"row\">\n<div class=\"cell auto-size\">\n<div class=\"set-border bd-gray padding10 margin10 no-margin-right no-margin-left \" dir=\"ltr\">\n<p>Apr\u00e8s la remise des lettres de cr\u00e9ance, le Pr\u00e9sident de la R\u00e9publique a accord\u00e9 au diplomate cor\u00e9en un entretien en pr\u00e9sence du ministre des Affaires \u00e9trang\u00e8res, de la Coop\u00e9ration et des Mauritaniens de l&#8217;Ext\u00e9rieur, M. Mohamed Salem Ould Merzoug.<\/p>\n<p>Dans une d\u00e9claration \u00e0 l&#8217;Agence Mauritanienne d\u2019Information, \u00e0 l&#8217;issue de l&#8217;entretien, l&#8217;ambassadeur cor\u00e9en s&#8217;est dit honor\u00e9 par cette opportunit\u00e9 de servir son pays dans ce beau pays.<\/p>\n<p>Il a ajout\u00e9 qu&#8217;il fera de son mieux pour approfondir la coop\u00e9ration entre les deux pays, d&#8217;autant plus que Son Excellence le Pr\u00e9sident de la R\u00e9publique se rendra en Cor\u00e9e \u00e0 l&#8217;occasion du Sommet Cor\u00e9e-Afrique pr\u00e9vu \u00e0 S\u00e9oul en juin prochain.<\/p>\n<p>La c\u00e9r\u00e9monie s&#8217;est d\u00e9roul\u00e9e en pr\u00e9sence de M. Mokhtar Diay, ministre charg\u00e9 du cabinet du Pr\u00e9sident de la R\u00e9publique, de M. Mohamed Salem Ould Merzoug, ministre des Affaires \u00e9trang\u00e8res, de la Coop\u00e9ration et des Mauritaniens de l&#8217;ext\u00e9rieur, de M. Harouna Traor\u00e9, charg\u00e9 de mission \u00e0 la Pr\u00e9sidence de la R\u00e9publique, et de M. Mohamed Al Hanchi Al Ketab, ambassadeur, directeur g\u00e9n\u00e9ral de la coop\u00e9ration bilat\u00e9rale au minist\u00e8re des Affaires \u00e9trang\u00e8res, de la Coop\u00e9ration et des Mauritaniens de l&#8217;Ext\u00e9rieur.<\/p>\n<\/div>\n<\/div>\n<\/div>\n","protected":false},"excerpt":{"rendered":"<p>Son Excellence le Pr\u00e9sident de la R\u00e9publique, Monsieur Mohamed Ould Cheikh El Ghazouani, a re\u00e7u, mardi au Palais pr\u00e9sidentiel \u00e0 Nouakchott, les lettres de cr\u00e9ance de S.E.M Yoon Yeonjean, en sa qualit\u00e9 d&#8217;ambassadeur extraordinaire et pl\u00e9nipotentiaire de la R\u00e9publique de Cor\u00e9e aupr\u00e8s de la R\u00e9publique Islamique de Mauritanie. Apr\u00e8s la remise des lettres de cr\u00e9ance, [&hellip;]<\/p>\n","protected":false},"author":8,"featured_media":246532,"comment_status":"open","ping_status":"open","sticky":false,"template":"","format":"standard","meta":{"footnotes":""},"categories":[63957,63959,63921,63927],"tags":[],"class_list":["post-246531","post","type-post","status-publish","format-standard","has-post-thumbnail","hentry","category-fil-dactualite","category-mauritanie","category-slider-afficher","category-slider-mauritanie"],"_links":{"self":[{"href":"https:\/\/ami.mr\/fr\/wp-json\/wp\/v2\/posts\/246531","targetHints":{"allow":["GET"]}}],"collection":[{"href":"https:\/\/ami.mr\/fr\/wp-json\/wp\/v2\/posts"}],"about":[{"href":"https:\/\/ami.mr\/fr\/wp-json\/wp\/v2\/types\/post"}],"author":[{"embeddable":true,"href":"https:\/\/ami.mr\/fr\/wp-json\/wp\/v2\/users\/8"}],"replies":[{"embeddable":true,"href":"https:\/\/ami.mr\/fr\/wp-json\/wp\/v2\/comments?post=246531"}],"version-history":[{"count":2,"href":"https:\/\/ami.mr\/fr\/wp-json\/wp\/v2\/posts\/246531\/revisions"}],"predecessor-version":[{"id":246580,"href":"https:\/\/ami.mr\/fr\/wp-json\/wp\/v2\/posts\/246531\/revisions\/246580"}],"wp:featuredmedia":[{"embeddable":true,"href":"https:\/\/ami.mr\/fr\/wp-json\/wp\/v2\/media\/246532"}],"wp:attachment":[{"href":"https:\/\/ami.mr\/fr\/wp-json\/wp\/v2\/media?parent=246531"}],"wp:term":[{"taxonomy":"category","embeddable":true,"href":"https:\/\/ami.mr\/fr\/wp-json\/wp\/v2\/categories?post=246531"},{"taxonomy":"post_tag","embeddable":true,"href":"https:\/\/ami.mr\/fr\/wp-json\/wp\/v2\/tags?post=246531"}],"curies":[{"name":"wp","href":"https:\/\/api.w.org\/{rel}","templated":true}]}}