{"id":246527,"date":"2024-05-21T19:33:49","date_gmt":"2024-05-21T19:33:49","guid":{"rendered":"https:\/\/ami.mr\/fr\/?p=246527"},"modified":"2024-05-22T11:57:00","modified_gmt":"2024-05-22T11:57:00","slug":"le-president-de-la-republique-recoit-les-lettres-de-creance-de-lambassadrice-de-la-republique-dautriche","status":"publish","type":"post","link":"https:\/\/ami.mr\/fr\/archives\/246527","title":{"rendered":"Le Pr\u00e9sident de la R\u00e9publique re\u00e7oit les lettres de cr\u00e9ance de l\u2019Ambassadrice de la R\u00e9publique d\u2019Autriche"},"content":{"rendered":"<div class=\"row\">\n<div class=\"cell auto-size bd-gray\" dir=\"ltr\">Son Excellence le Pr\u00e9sident de la R\u00e9publique, M. Mohamed Ould Cheikh El-Ghazouani, a re\u00e7u, mardi, au Palais pr\u00e9sidentiel \u00e0 Nouakchott, les lettres de cr\u00e9ance de S.E.Mme Anna Jankovic, en qualit\u00e9 d&#8217;ambassadrice extraordinaire et pl\u00e9nipotentiaire de la R\u00e9publique d&#8217;Autriche aupr\u00e8s de la R\u00e9publique Islamique de Mauritanie.<\/div>\n<\/div>\n<div class=\"row\">\n<div class=\"cell auto-size\">\n<div class=\"set-border bd-gray padding10 margin10 no-margin-right no-margin-left \" dir=\"ltr\">\n<p>Apr\u00e8s la pr\u00e9sentation des lettres de cr\u00e9ance et l\u2019entretien que lui a accord\u00e9e le Pr\u00e9sident de la R\u00e9publique, la diplomate autrichienne a fait une d\u00e9claration \u00e0 l&#8217;Agence Mauritanienne d\u2019Information dans laquelle elle s\u2019est dit honor\u00e9e de pr\u00e9senter ses lettres de cr\u00e9ance \u00e0 Son Excellence le Pr\u00e9sident de la R\u00e9publique, M. Mohamed Ould Cheikh El-Ghazouani, ajoutant qu&#8217;elle \u0153uvrera \u00e0 la consolidation des relations de coop\u00e9rations entre les deux pays, notamment dans les domaines \u00e9conomique, de l\u2019\u00e9nergie, de l\u2019hydrog\u00e8ne vert et de certains projets \u00e0 caract\u00e8re social.<\/p>\n<p>La c\u00e9r\u00e9monie s&#8217;est d\u00e9roul\u00e9e en pr\u00e9sence de M. Mokhtar Diay, ministre charg\u00e9 du cabinet du Pr\u00e9sident de la R\u00e9publique, de M. Mohamed Salem Ould Merzoug, ministre des Affaires \u00e9trang\u00e8res, de la Coop\u00e9ration et des Mauritaniens de l&#8217;ext\u00e9rieur, de M. Harouna Traor\u00e9, charg\u00e9 de mission \u00e0 la Pr\u00e9sidence de la R\u00e9publique, et de M. Mohamed Al Hanchi Al Ketab, ambassadeur, directeur g\u00e9n\u00e9ral de la coop\u00e9ration bilat\u00e9rale au minist\u00e8re des Affaires \u00e9trang\u00e8res, de la Coop\u00e9ration et des Mauritaniens de l&#8217;Ext\u00e9rieur.<\/p>\n<\/div>\n<\/div>\n<\/div>\n","protected":false},"excerpt":{"rendered":"<p>Son Excellence le Pr\u00e9sident de la R\u00e9publique, M. Mohamed Ould Cheikh El-Ghazouani, a re\u00e7u, mardi, au Palais pr\u00e9sidentiel \u00e0 Nouakchott, les lettres de cr\u00e9ance de S.E.Mme Anna Jankovic, en qualit\u00e9 d&#8217;ambassadrice extraordinaire et pl\u00e9nipotentiaire de la R\u00e9publique d&#8217;Autriche aupr\u00e8s de la R\u00e9publique Islamique de Mauritanie. Apr\u00e8s la pr\u00e9sentation des lettres de cr\u00e9ance et l\u2019entretien que [&hellip;]<\/p>\n","protected":false},"author":8,"featured_media":246529,"comment_status":"open","ping_status":"open","sticky":false,"template":"","format":"standard","meta":{"footnotes":""},"categories":[63957,63959,63921,63927],"tags":[],"class_list":["post-246527","post","type-post","status-publish","format-standard","has-post-thumbnail","hentry","category-fil-dactualite","category-mauritanie","category-slider-afficher","category-slider-mauritanie"],"_links":{"self":[{"href":"https:\/\/ami.mr\/fr\/wp-json\/wp\/v2\/posts\/246527","targetHints":{"allow":["GET"]}}],"collection":[{"href":"https:\/\/ami.mr\/fr\/wp-json\/wp\/v2\/posts"}],"about":[{"href":"https:\/\/ami.mr\/fr\/wp-json\/wp\/v2\/types\/post"}],"author":[{"embeddable":true,"href":"https:\/\/ami.mr\/fr\/wp-json\/wp\/v2\/users\/8"}],"replies":[{"embeddable":true,"href":"https:\/\/ami.mr\/fr\/wp-json\/wp\/v2\/comments?post=246527"}],"version-history":[{"count":2,"href":"https:\/\/ami.mr\/fr\/wp-json\/wp\/v2\/posts\/246527\/revisions"}],"predecessor-version":[{"id":246581,"href":"https:\/\/ami.mr\/fr\/wp-json\/wp\/v2\/posts\/246527\/revisions\/246581"}],"wp:featuredmedia":[{"embeddable":true,"href":"https:\/\/ami.mr\/fr\/wp-json\/wp\/v2\/media\/246529"}],"wp:attachment":[{"href":"https:\/\/ami.mr\/fr\/wp-json\/wp\/v2\/media?parent=246527"}],"wp:term":[{"taxonomy":"category","embeddable":true,"href":"https:\/\/ami.mr\/fr\/wp-json\/wp\/v2\/categories?post=246527"},{"taxonomy":"post_tag","embeddable":true,"href":"https:\/\/ami.mr\/fr\/wp-json\/wp\/v2\/tags?post=246527"}],"curies":[{"name":"wp","href":"https:\/\/api.w.org\/{rel}","templated":true}]}}