{"id":246442,"date":"2024-05-20T19:25:58","date_gmt":"2024-05-20T19:25:58","guid":{"rendered":"https:\/\/ami.mr\/fr\/?p=246442"},"modified":"2024-05-20T19:25:58","modified_gmt":"2024-05-20T19:25:58","slug":"hodh-chargui-lancement-de-la-composante-formation-du-projet-de-soutien-aux-services-de-sante-maternelle-et-neonatale","status":"publish","type":"post","link":"https:\/\/ami.mr\/fr\/archives\/246442","title":{"rendered":"Hodh Chargui : Lancement de la composante formation du projet de soutien aux services de sant\u00e9 maternelle et n\u00e9onatale"},"content":{"rendered":"<div class=\"row\">\n<div class=\"cell auto-size bd-gray\" dir=\"ltr\"><\/div>\n<\/div>\n<div class=\"row\">\n<div class=\"cell auto-size\">\n<div class=\"set-border bd-gray padding10 margin10 no-margin-right no-margin-left \" dir=\"ltr\">\n<p>Le volet formation du Projet d&#8217;appui aux services de sant\u00e9 maternelle et n\u00e9onatale (Bechara) a d\u00e9marr\u00e9, lundi, \u00e0 N\u00e9ma, dans la wilaya du Hodh Chargui, sous la supervision de M. Sidi Mohamed Ould Mohamed Abdallahi, du directeur de cabinet du wali et en pr\u00e9sence du coordinateur dudit programme, le Professeur Sidi Mohamed Abdelaziz, et des repr\u00e9sentants des autorit\u00e9s administratives et s\u00e9curitaires au niveau de la wilaya.<\/p>\n<p>Cette formation de 15 jours, sur la grossesse, l&#8217;accouchement et la sant\u00e9 n\u00e9onatale, men\u00e9e par un expert international, b\u00e9n\u00e9ficie \u00e0 20 participants, dont des m\u00e9decins g\u00e9n\u00e9ralistes et des sages-femmes.<\/p>\n<p>Le projet vise \u00e0 contribuer \u00e0 l&#8217;acc\u00e9l\u00e9ration de la r\u00e9duction de la mortalit\u00e9 maternelle et n\u00e9onatale dans les wilayas des deux Hodh, du Gorgol, du Tagant et du Guidimagha, en plus du Centre de Sant\u00e9 Maternelle et Infantile pris pour institution de r\u00e9f\u00e9rence, en am\u00e9liorant l&#8217;offre de sant\u00e9, en rehaussant la qualit\u00e9 des services de sant\u00e9 fournis et en facilitant leur acc\u00e8s par le renforcement du syst\u00e8me de gestion et de coordination de la lutte contre la mortalit\u00e9 maternelle et n\u00e9onatale. Il devra \u00e9galement renforcer le syst\u00e8me de gestion et de coordination de la lutte contre la mortalit\u00e9 maternelle, am\u00e9liorer le niveau d&#8217;\u00e9quipement m\u00e9dical des structures sanitaires et l&#8217;expertise du personnel m\u00e9dical et param\u00e9dical.<\/p>\n<p>L&#8217;atelier a \u00e9t\u00e9 lanc\u00e9 en pr\u00e9sence du hakem de la moughataa de N\u00e9ma, des \u00e9lus locaux, du personnel du secteur de la sant\u00e9 et des autorit\u00e9s s\u00e9curitaires et militaires de la wilaya.<\/p>\n<\/div>\n<\/div>\n<\/div>\n","protected":false},"excerpt":{"rendered":"<p>Le volet formation du Projet d&#8217;appui aux services de sant\u00e9 maternelle et n\u00e9onatale (Bechara) a d\u00e9marr\u00e9, lundi, \u00e0 N\u00e9ma, dans la wilaya du Hodh Chargui, sous la supervision de M. Sidi Mohamed Ould Mohamed Abdallahi, du directeur de cabinet du wali et en pr\u00e9sence du coordinateur dudit programme, le Professeur Sidi Mohamed Abdelaziz, et des [&hellip;]<\/p>\n","protected":false},"author":8,"featured_media":246443,"comment_status":"open","ping_status":"open","sticky":false,"template":"","format":"standard","meta":{"footnotes":""},"categories":[63918,63957],"tags":[],"class_list":["post-246442","post","type-post","status-publish","format-standard","has-post-thumbnail","hentry","category-autres","category-fil-dactualite"],"_links":{"self":[{"href":"https:\/\/ami.mr\/fr\/wp-json\/wp\/v2\/posts\/246442","targetHints":{"allow":["GET"]}}],"collection":[{"href":"https:\/\/ami.mr\/fr\/wp-json\/wp\/v2\/posts"}],"about":[{"href":"https:\/\/ami.mr\/fr\/wp-json\/wp\/v2\/types\/post"}],"author":[{"embeddable":true,"href":"https:\/\/ami.mr\/fr\/wp-json\/wp\/v2\/users\/8"}],"replies":[{"embeddable":true,"href":"https:\/\/ami.mr\/fr\/wp-json\/wp\/v2\/comments?post=246442"}],"version-history":[{"count":1,"href":"https:\/\/ami.mr\/fr\/wp-json\/wp\/v2\/posts\/246442\/revisions"}],"predecessor-version":[{"id":246444,"href":"https:\/\/ami.mr\/fr\/wp-json\/wp\/v2\/posts\/246442\/revisions\/246444"}],"wp:featuredmedia":[{"embeddable":true,"href":"https:\/\/ami.mr\/fr\/wp-json\/wp\/v2\/media\/246443"}],"wp:attachment":[{"href":"https:\/\/ami.mr\/fr\/wp-json\/wp\/v2\/media?parent=246442"}],"wp:term":[{"taxonomy":"category","embeddable":true,"href":"https:\/\/ami.mr\/fr\/wp-json\/wp\/v2\/categories?post=246442"},{"taxonomy":"post_tag","embeddable":true,"href":"https:\/\/ami.mr\/fr\/wp-json\/wp\/v2\/tags?post=246442"}],"curies":[{"name":"wp","href":"https:\/\/api.w.org\/{rel}","templated":true}]}}