{"id":246296,"date":"2024-05-18T10:55:39","date_gmt":"2024-05-18T10:55:39","guid":{"rendered":"https:\/\/ami.mr\/fr\/?p=246296"},"modified":"2024-05-18T10:55:39","modified_gmt":"2024-05-18T10:55:39","slug":"le-president-de-la-republique-regagne-nouakchott-25","status":"publish","type":"post","link":"https:\/\/ami.mr\/fr\/archives\/246296","title":{"rendered":"Le Pr\u00e9sident de la R\u00e9publique regagne Nouakchott"},"content":{"rendered":"<p>Son excellence le Pr\u00e9sident de la R\u00e9publique Monsieur Mohamed Ould Cheikh El Ghazouani, Pr\u00e9sident de l\u2019Union Africaine, a regagn\u00e9 samedi matin Nouakchott apr\u00e8s avoir pris part au 33e au sommet ordinaire de la Ligue arabe qui s\u2019est tenu \u00e0 Manama, capitale du royaume de Bahre\u00efn.<\/p>\n<p>Le pr\u00e9sident de la R\u00e9publique a \u00e9t\u00e9 accueilli, \u00e0 son arriv\u00e9e \u00e0 l\u2019a\u00e9roport international de Nouakchott-Oumtounsy, par le Premier Ministre, M. Mohamed Ould Bilal Messaoud, le ministre secr\u00e9taire g\u00e9n\u00e9ral de la pr\u00e9sidence de la R\u00e9publique, le ministre conseiller de la Pr\u00e9sidence de la R\u00e9publique, plusieurs membres du gouvernement, le chef de l\u2019\u00e9tat-major particulier du Pr\u00e9sident de la R\u00e9publique, le wali de Nouakchott Ouest et la vice-pr\u00e9sidente de la r\u00e9gion de Nouakchott.<\/p>\n<p>Son Excellence le Pr\u00e9sident de la R\u00e9publique \u00e9tait accompagn\u00e9 au cours de ce voyage d\u2019une importante d\u00e9l\u00e9gation comprenant :<\/p>\n<p>\u2013 Dr Mariem Mint Dah, Premi\u00e8re Dame.<\/p>\n<p>\u2013 Moctar Ould Diay, ministre charg\u00e9 de Cabinet du Pr\u00e9sident de la R\u00e9publique.<\/p>\n<p>\u2013 Mohamed Salem Ould Merzoug, ministre des Affaires \u00c9trang\u00e8res, de la Coop\u00e9ration et des Mauritaniens de l\u2019Ext\u00e9rieur.<\/p>\n<p>\u2013 El Houssein Ould Deyih, repr\u00e9sentant permanent de la R\u00e9publique Islamique de Mauritanie aupr\u00e8s de la Ligue des \u00c9tats arabes.<\/p>\n<p>\u2013 Ahmed Ould Bah dit Ahmeida, conseiller \u00e0 la pr\u00e9sidence de la R\u00e9publique.<\/p>\n<p>\u2013 Sidi Mohamed Ould Sidi Jaafar, charg\u00e9 de mission \u00e0 la pr\u00e9sidence de la R\u00e9publique.<\/p>\n<p>\u2013 Izidbih Ould Mohamed Mahmoud, conseiller \u00e0 la pr\u00e9sidence de la R\u00e9publique.<\/p>\n<p>\u2013 El Hacen Ould Ahmed, directeur g\u00e9n\u00e9ral du protocole de l\u2019\u00c9tat.<\/p>\n","protected":false},"excerpt":{"rendered":"<p>Son excellence le Pr\u00e9sident de la R\u00e9publique Monsieur Mohamed Ould Cheikh El Ghazouani, Pr\u00e9sident de l\u2019Union Africaine, a regagn\u00e9 samedi matin Nouakchott apr\u00e8s avoir pris part au 33e au sommet ordinaire de la Ligue arabe qui s\u2019est tenu \u00e0 Manama, capitale du royaume de Bahre\u00efn. Le pr\u00e9sident de la R\u00e9publique a \u00e9t\u00e9 accueilli, \u00e0 son [&hellip;]<\/p>\n","protected":false},"author":17,"featured_media":246297,"comment_status":"open","ping_status":"open","sticky":false,"template":"","format":"standard","meta":{"footnotes":""},"categories":[63957,63959,63921,63927],"tags":[],"class_list":["post-246296","post","type-post","status-publish","format-standard","has-post-thumbnail","hentry","category-fil-dactualite","category-mauritanie","category-slider-afficher","category-slider-mauritanie"],"_links":{"self":[{"href":"https:\/\/ami.mr\/fr\/wp-json\/wp\/v2\/posts\/246296","targetHints":{"allow":["GET"]}}],"collection":[{"href":"https:\/\/ami.mr\/fr\/wp-json\/wp\/v2\/posts"}],"about":[{"href":"https:\/\/ami.mr\/fr\/wp-json\/wp\/v2\/types\/post"}],"author":[{"embeddable":true,"href":"https:\/\/ami.mr\/fr\/wp-json\/wp\/v2\/users\/17"}],"replies":[{"embeddable":true,"href":"https:\/\/ami.mr\/fr\/wp-json\/wp\/v2\/comments?post=246296"}],"version-history":[{"count":1,"href":"https:\/\/ami.mr\/fr\/wp-json\/wp\/v2\/posts\/246296\/revisions"}],"predecessor-version":[{"id":246298,"href":"https:\/\/ami.mr\/fr\/wp-json\/wp\/v2\/posts\/246296\/revisions\/246298"}],"wp:featuredmedia":[{"embeddable":true,"href":"https:\/\/ami.mr\/fr\/wp-json\/wp\/v2\/media\/246297"}],"wp:attachment":[{"href":"https:\/\/ami.mr\/fr\/wp-json\/wp\/v2\/media?parent=246296"}],"wp:term":[{"taxonomy":"category","embeddable":true,"href":"https:\/\/ami.mr\/fr\/wp-json\/wp\/v2\/categories?post=246296"},{"taxonomy":"post_tag","embeddable":true,"href":"https:\/\/ami.mr\/fr\/wp-json\/wp\/v2\/tags?post=246296"}],"curies":[{"name":"wp","href":"https:\/\/api.w.org\/{rel}","templated":true}]}}