{"id":246216,"date":"2024-05-16T19:06:29","date_gmt":"2024-05-16T19:06:29","guid":{"rendered":"https:\/\/ami.mr\/fr\/?p=246216"},"modified":"2024-05-16T19:07:47","modified_gmt":"2024-05-16T19:07:47","slug":"le-premier-ministre-preside-la-reunion-ordinaire-du-comite-ministeriel-charge-du-suivi-de-la-mise-en-oeuvre-du-programme-equite-citoyennete-et-cohesion-sociale","status":"publish","type":"post","link":"https:\/\/ami.mr\/fr\/archives\/246216","title":{"rendered":"Le Premier ministre pr\u00e9side la r\u00e9union ordinaire du comit\u00e9 minist\u00e9riel charg\u00e9 du suivi de la mise en \u0153uvre du Programme Equit\u00e9, Citoyennet\u00e9 et Coh\u00e9sion sociale"},"content":{"rendered":"<p>Le Premier ministre, M. Mohamed Ould Bilal Massoud, a pr\u00e9sid\u00e9, jeudi, \u00e0 la Primature, la r\u00e9union ordinaire du comit\u00e9 minist\u00e9riel charg\u00e9 du suivi de la mise en \u0153uvre du programme d&#8217;\u00e9quit\u00e9, de citoyennet\u00e9 et de coh\u00e9sion sociale de Son Excellence le pr\u00e9sident de la R\u00e9publique, M. Mohamed Ould Cheikh El-Ghazouani.<\/p>\n<p>La r\u00e9union a examin\u00e9 le niveau de mise en \u0153uvre du plan d&#8217;action multisectoriel li\u00e9 au programme INSAF, qui vise \u00e0 consolider l&#8217;unit\u00e9 nationale et \u00e0 prot\u00e9ger, avec la force de la loi, la dignit\u00e9, la libert\u00e9 et les droits de tous les citoyens.<\/p>\n<p>Apr\u00e8s d\u00e9lib\u00e9ration et discussion, le Comit\u00e9 minist\u00e9riel a recommand\u00e9 la n\u00e9cessit\u00e9 d&#8217;acc\u00e9l\u00e9rer le rythme d&#8217;ex\u00e9cution des activit\u00e9s programm\u00e9es et la mise en \u0153uvre des composantes sectorielles restantes, tout en r\u00e9visant les composantes compl\u00e9mentaires du plan de r\u00e9alisation de l&#8217;Appel de Dj\u00e9ol, qui a \u00e9t\u00e9 adopt\u00e9 dans le cadre des plans d&#8217;action du gouvernement.<\/p>\n<p>En conclusion, le Premier ministre a engag\u00e9 les secteurs impliqu\u00e9s dans la mise en \u0153uvre du plan \u00e0 respecter les d\u00e9lais fix\u00e9s pour l&#8217;ach\u00e8vement de toutes les composantes des plans d&#8217;action de ce programme et des plans compl\u00e9mentaires qui lui sont rattach\u00e9s.<\/p>\n","protected":false},"excerpt":{"rendered":"<p>Le Premier ministre, M. Mohamed Ould Bilal Massoud, a pr\u00e9sid\u00e9, jeudi, \u00e0 la Primature, la r\u00e9union ordinaire du comit\u00e9 minist\u00e9riel charg\u00e9 du suivi de la mise en \u0153uvre du programme d&#8217;\u00e9quit\u00e9, de citoyennet\u00e9 et de coh\u00e9sion sociale de Son Excellence le pr\u00e9sident de la R\u00e9publique, M. Mohamed Ould Cheikh El-Ghazouani. La r\u00e9union a examin\u00e9 le [&hellip;]<\/p>\n","protected":false},"author":5,"featured_media":246217,"comment_status":"open","ping_status":"open","sticky":false,"template":"","format":"standard","meta":{"footnotes":""},"categories":[63957,63959,63921,63927],"tags":[],"class_list":["post-246216","post","type-post","status-publish","format-standard","has-post-thumbnail","hentry","category-fil-dactualite","category-mauritanie","category-slider-afficher","category-slider-mauritanie"],"_links":{"self":[{"href":"https:\/\/ami.mr\/fr\/wp-json\/wp\/v2\/posts\/246216","targetHints":{"allow":["GET"]}}],"collection":[{"href":"https:\/\/ami.mr\/fr\/wp-json\/wp\/v2\/posts"}],"about":[{"href":"https:\/\/ami.mr\/fr\/wp-json\/wp\/v2\/types\/post"}],"author":[{"embeddable":true,"href":"https:\/\/ami.mr\/fr\/wp-json\/wp\/v2\/users\/5"}],"replies":[{"embeddable":true,"href":"https:\/\/ami.mr\/fr\/wp-json\/wp\/v2\/comments?post=246216"}],"version-history":[{"count":1,"href":"https:\/\/ami.mr\/fr\/wp-json\/wp\/v2\/posts\/246216\/revisions"}],"predecessor-version":[{"id":246219,"href":"https:\/\/ami.mr\/fr\/wp-json\/wp\/v2\/posts\/246216\/revisions\/246219"}],"wp:featuredmedia":[{"embeddable":true,"href":"https:\/\/ami.mr\/fr\/wp-json\/wp\/v2\/media\/246217"}],"wp:attachment":[{"href":"https:\/\/ami.mr\/fr\/wp-json\/wp\/v2\/media?parent=246216"}],"wp:term":[{"taxonomy":"category","embeddable":true,"href":"https:\/\/ami.mr\/fr\/wp-json\/wp\/v2\/categories?post=246216"},{"taxonomy":"post_tag","embeddable":true,"href":"https:\/\/ami.mr\/fr\/wp-json\/wp\/v2\/tags?post=246216"}],"curies":[{"name":"wp","href":"https:\/\/api.w.org\/{rel}","templated":true}]}}