{"id":246211,"date":"2024-05-16T19:02:31","date_gmt":"2024-05-16T19:02:31","guid":{"rendered":"https:\/\/ami.mr\/fr\/?p=246211"},"modified":"2024-05-16T19:02:31","modified_gmt":"2024-05-16T19:02:31","slug":"debut-des-travaux-dun-atelier-de-formation-pour-les-recenseurs-du-recensement-general-du-betail","status":"publish","type":"post","link":"https:\/\/ami.mr\/fr\/archives\/246211","title":{"rendered":"D\u00e9but des travaux d&#8217;un atelier de formation pour les recenseurs du recensement g\u00e9n\u00e9ral du b\u00e9tail"},"content":{"rendered":"<p>Un atelier de formation des agents devant participer au recensement g\u00e9n\u00e9ral du cheptel de la wilaya de l&#8217;Inchiri a d\u00e9marr\u00e9 jeudi \u00e0 la maison des jeunes de la commune d&#8217;Akjoujt.<\/p>\n<p>L&#8217;atelier dont l\u2019ouverture des travaux a \u00e9t\u00e9 supervis\u00e9e par le wali mou\u00e7aid de l&#8217;Inchiri, M. Cheikhani Ould Bouh, vise \u00e0 former les agents recenseurs \u00e0 conna\u00eetre les moyens et les m\u00e9canismes utilis\u00e9s dans la mise en \u0153uvre du premier recensement du cheptel dans le pays.<\/p>\n<p>Il a appel\u00e9 les agents recenseurs \u00e0 d\u00e9ployer tous les efforts possibles pour effectuer le recensement avec pr\u00e9cision et a demand\u00e9 les \u00e9leveurs \u00e0 s&#8217;engager positivement avec les agents recenseurs pour fournir une base de donn\u00e9es pr\u00e9cise et compl\u00e8te sur la taille du b\u00e9tail dans le pays en g\u00e9n\u00e9ral, et dans la wilaya en particulier.<\/p>\n<p>Le wali mou\u00e7aid a d\u00e9clar\u00e9 que le succ\u00e8s des politiques de d\u00e9veloppement et des plans visant \u00e0 d\u00e9velopper le secteur et \u00e0 accro\u00eetre sa productivit\u00e9 d\u00e9pendait de la r\u00e9ussite de ce recensement, soulignant que toute aide qui sera apport\u00e9e aux \u00e9leveurs \u00e0 l&#8217;avenir le sera sur la base des r\u00e9sultats de ce recensement.<\/p>\n<p>L&#8217;atelier a \u00e9t\u00e9 ouvert en pr\u00e9sence de l&#8217;assistant du hakem mou\u00e7aid d&#8217;Akjoujt, de l&#8217;adjoint au maire de la municipalit\u00e9 d&#8217;Akjoujt, du d\u00e9l\u00e9gu\u00e9 r\u00e9gional du minist\u00e8re de l\u2019Elevage et des membres de la mission qui supervise le recensement dans la wilaya.<\/p>\n","protected":false},"excerpt":{"rendered":"<p>Un atelier de formation des agents devant participer au recensement g\u00e9n\u00e9ral du cheptel de la wilaya de l&#8217;Inchiri a d\u00e9marr\u00e9 jeudi \u00e0 la maison des jeunes de la commune d&#8217;Akjoujt. L&#8217;atelier dont l\u2019ouverture des travaux a \u00e9t\u00e9 supervis\u00e9e par le wali mou\u00e7aid de l&#8217;Inchiri, M. Cheikhani Ould Bouh, vise \u00e0 former les agents recenseurs \u00e0 [&hellip;]<\/p>\n","protected":false},"author":5,"featured_media":246212,"comment_status":"open","ping_status":"open","sticky":false,"template":"","format":"standard","meta":{"footnotes":""},"categories":[63918,63957,63923,8672],"tags":[],"class_list":["post-246211","post","type-post","status-publish","format-standard","has-post-thumbnail","hentry","category-autres","category-fil-dactualite","category-slider-wilayas","category-8672"],"_links":{"self":[{"href":"https:\/\/ami.mr\/fr\/wp-json\/wp\/v2\/posts\/246211","targetHints":{"allow":["GET"]}}],"collection":[{"href":"https:\/\/ami.mr\/fr\/wp-json\/wp\/v2\/posts"}],"about":[{"href":"https:\/\/ami.mr\/fr\/wp-json\/wp\/v2\/types\/post"}],"author":[{"embeddable":true,"href":"https:\/\/ami.mr\/fr\/wp-json\/wp\/v2\/users\/5"}],"replies":[{"embeddable":true,"href":"https:\/\/ami.mr\/fr\/wp-json\/wp\/v2\/comments?post=246211"}],"version-history":[{"count":1,"href":"https:\/\/ami.mr\/fr\/wp-json\/wp\/v2\/posts\/246211\/revisions"}],"predecessor-version":[{"id":246213,"href":"https:\/\/ami.mr\/fr\/wp-json\/wp\/v2\/posts\/246211\/revisions\/246213"}],"wp:featuredmedia":[{"embeddable":true,"href":"https:\/\/ami.mr\/fr\/wp-json\/wp\/v2\/media\/246212"}],"wp:attachment":[{"href":"https:\/\/ami.mr\/fr\/wp-json\/wp\/v2\/media?parent=246211"}],"wp:term":[{"taxonomy":"category","embeddable":true,"href":"https:\/\/ami.mr\/fr\/wp-json\/wp\/v2\/categories?post=246211"},{"taxonomy":"post_tag","embeddable":true,"href":"https:\/\/ami.mr\/fr\/wp-json\/wp\/v2\/tags?post=246211"}],"curies":[{"name":"wp","href":"https:\/\/api.w.org\/{rel}","templated":true}]}}