{"id":246205,"date":"2024-05-16T18:35:34","date_gmt":"2024-05-16T18:35:34","guid":{"rendered":"https:\/\/ami.mr\/fr\/?p=246205"},"modified":"2024-05-16T18:35:34","modified_gmt":"2024-05-16T18:35:34","slug":"lancement-dun-projet-de-promotion-de-la-participation-des-jeunes-au-sahel","status":"publish","type":"post","link":"https:\/\/ami.mr\/fr\/archives\/246205","title":{"rendered":"Lancement d&#8217;un projet de promotion de la participation des jeunes au Sahel"},"content":{"rendered":"<p>Le Conseil national de la jeunesse a organis\u00e9, jeudi \u00e0 Nouakchott, un forum pour annoncer le lancement d&#8217;un projet de participation des jeunes dans la r\u00e9gion du Sahel en Mauritanie, financ\u00e9 par l&#8217;Union europ\u00e9enne \u00e0 hauteur de 5 millions d&#8217;euros.<\/p>\n<p>Le projet, mis en \u0153uvre en coop\u00e9ration avec les Conseils Nationaux de la Jeunesse des pays du Sahel, vise \u00e0 responsabiliser les jeunes et \u00e0 activer leur performance dans le domaine de la coh\u00e9sion sociale et de l&#8217;att\u00e9nuation des conflits, et \u00e0 cr\u00e9er une coordination et une harmonisation plus efficaces de tous les acteurs impliqu\u00e9s dans la r\u00e9alisation de ces objectifs.<\/p>\n<p>Dans une allocution prononc\u00e9e \u00e0 cette occasion, la pr\u00e9sidente du Conseil national de la jeunesse, Mme Fatimetou mint Abdeljelil, a indiqu\u00e9 que l&#8217;attention accord\u00e9e aux questions relatives \u00e0 la jeunesse s&#8217;inscrit dans le cadre du programme du Pr\u00e9sident de la R\u00e9publique, Monsieur Mohamed Ould Cheikh El Ghazouani, visant \u00e0 \u00e9laborer des strat\u00e9gies efficaces en faveur des jeunes afin d\u2019assurer leur participation \u00e0 l&#8217;\u00e9laboration de strat\u00e9gies d\u2019am\u00e9lioration des conditions de cette cat\u00e9gorie de la soci\u00e9t\u00e9.<\/p>\n<p>Elle a indiqu\u00e9 que le Conseil national de la jeunesse \u0153uvre \u00e0 contribuer \u00e0 l&#8217;\u00e9laboration de nouvelles strat\u00e9gies pour l&#8217;implication effective des jeunes dans le d\u00e9veloppement, notant que la Mauritanie dispose d&#8217;un \u00e9norme potentiel de d\u00e9veloppement, de ressources naturelles et de conditions favorables \u00e0 l&#8217;investissement et au d\u00e9veloppement de l&#8217;entreprise.<\/p>\n<p>Mint Abdeljelil a soulign\u00e9 que le Conseil national de la jeunesse restera d\u00e9sireux d&#8217;encourager toutes les initiatives et organisations s\u00e9rieuses de jeunes afin d&#8217;am\u00e9liorer la performance de ce segment dans divers domaines de d\u00e9veloppement dans le pays.<\/p>\n<p>De son c\u00f4t\u00e9, le repr\u00e9sentant de l&#8217;Union europ\u00e9enne \u00e0 l&#8217;atelier a indiqu\u00e9 que ce projet contribue \u00e0 renforcer le r\u00f4le des jeunes pour surmonter les d\u00e9fis et activer leur participation au processus de d\u00e9veloppement.<\/p>\n<p>Il a soulign\u00e9 l&#8217;engagement de l&#8217;UE \u00e0 accompagner ce projet pour atteindre ses objectifs en Mauritanie et dans toute la r\u00e9gion du Sahel.<\/p>\n<p>L&#8217;ouverture du projet s\u2019est d\u00e9roul\u00e9e en pr\u00e9sence du vice-pr\u00e9sident de la r\u00e9gion de Nouakchott et des membres du Conseil National de la Jeunesse.<\/p>\n","protected":false},"excerpt":{"rendered":"<p>Le Conseil national de la jeunesse a organis\u00e9, jeudi \u00e0 Nouakchott, un forum pour annoncer le lancement d&#8217;un projet de participation des jeunes dans la r\u00e9gion du Sahel en Mauritanie, financ\u00e9 par l&#8217;Union europ\u00e9enne \u00e0 hauteur de 5 millions d&#8217;euros. Le projet, mis en \u0153uvre en coop\u00e9ration avec les Conseils Nationaux de la Jeunesse des [&hellip;]<\/p>\n","protected":false},"author":5,"featured_media":246207,"comment_status":"open","ping_status":"open","sticky":false,"template":"","format":"standard","meta":{"footnotes":""},"categories":[63918,63957,63959,63927],"tags":[],"class_list":["post-246205","post","type-post","status-publish","format-standard","has-post-thumbnail","hentry","category-autres","category-fil-dactualite","category-mauritanie","category-slider-mauritanie"],"_links":{"self":[{"href":"https:\/\/ami.mr\/fr\/wp-json\/wp\/v2\/posts\/246205","targetHints":{"allow":["GET"]}}],"collection":[{"href":"https:\/\/ami.mr\/fr\/wp-json\/wp\/v2\/posts"}],"about":[{"href":"https:\/\/ami.mr\/fr\/wp-json\/wp\/v2\/types\/post"}],"author":[{"embeddable":true,"href":"https:\/\/ami.mr\/fr\/wp-json\/wp\/v2\/users\/5"}],"replies":[{"embeddable":true,"href":"https:\/\/ami.mr\/fr\/wp-json\/wp\/v2\/comments?post=246205"}],"version-history":[{"count":1,"href":"https:\/\/ami.mr\/fr\/wp-json\/wp\/v2\/posts\/246205\/revisions"}],"predecessor-version":[{"id":246209,"href":"https:\/\/ami.mr\/fr\/wp-json\/wp\/v2\/posts\/246205\/revisions\/246209"}],"wp:featuredmedia":[{"embeddable":true,"href":"https:\/\/ami.mr\/fr\/wp-json\/wp\/v2\/media\/246207"}],"wp:attachment":[{"href":"https:\/\/ami.mr\/fr\/wp-json\/wp\/v2\/media?parent=246205"}],"wp:term":[{"taxonomy":"category","embeddable":true,"href":"https:\/\/ami.mr\/fr\/wp-json\/wp\/v2\/categories?post=246205"},{"taxonomy":"post_tag","embeddable":true,"href":"https:\/\/ami.mr\/fr\/wp-json\/wp\/v2\/tags?post=246205"}],"curies":[{"name":"wp","href":"https:\/\/api.w.org\/{rel}","templated":true}]}}