{"id":246190,"date":"2024-05-16T18:32:19","date_gmt":"2024-05-16T18:32:19","guid":{"rendered":"https:\/\/ami.mr\/fr\/?p=246190"},"modified":"2024-05-16T18:32:19","modified_gmt":"2024-05-16T18:32:19","slug":"coup-denvoi-des-travaux-du-groupe-parlementaire-damitie-mauritanie-senegal","status":"publish","type":"post","link":"https:\/\/ami.mr\/fr\/archives\/246190","title":{"rendered":"Coup d&#8217;envoi des travaux du groupe parlementaire d&#8217;amiti\u00e9 Mauritanie-S\u00e9n\u00e9gal"},"content":{"rendered":"<p>Les travaux du groupe parlementaire d&#8217;amiti\u00e9 mauritano-s\u00e9n\u00e9galaise ont d\u00e9but\u00e9 jeudi au si\u00e8ge de l&#8217;Assembl\u00e9e nationale, en pr\u00e9sence de la quatri\u00e8me vice-pr\u00e9sidente de l&#8217;Assembl\u00e9e nationale, Mme Vatimetou Habib.<\/p>\n<p>Le groupe parlementaire vise \u00e0 renforcer les relations de coop\u00e9ration existantes entre les deux pays afin de servir leurs int\u00e9r\u00eats communs.<\/p>\n<p>Le pr\u00e9sident du groupe parlementaire, le d\u00e9put\u00e9 Mohamed V Ould Sidi Abdallah, a soulign\u00e9 l&#8217;importance de renforcer et de p\u00e9renniser les relations bilat\u00e9rales, conform\u00e9ment \u00e0 la volont\u00e9 des dirigeants des deux pays.<\/p>\n<p>L&#8217;Ambassadeur de la R\u00e9publique du S\u00e9n\u00e9gal accr\u00e9dit\u00e9 en Mauritanie, SEM Biram Mbagnick DIAGNE, a expliqu\u00e9 que la mise en place de ce groupe refl\u00e8te l&#8217;engagement des deux pays \u00e0 p\u00e9renniser les relations existantes entre les deux peuples, soulignant leur disponibilit\u00e9 \u00e0 travailler et \u00e0 coordonner avec l&#8217;Assembl\u00e9e nationale mauritanienne afin de faire progresser les relations vers des horizons plus larges.<\/p>\n","protected":false},"excerpt":{"rendered":"<p>Les travaux du groupe parlementaire d&#8217;amiti\u00e9 mauritano-s\u00e9n\u00e9galaise ont d\u00e9but\u00e9 jeudi au si\u00e8ge de l&#8217;Assembl\u00e9e nationale, en pr\u00e9sence de la quatri\u00e8me vice-pr\u00e9sidente de l&#8217;Assembl\u00e9e nationale, Mme Vatimetou Habib. Le groupe parlementaire vise \u00e0 renforcer les relations de coop\u00e9ration existantes entre les deux pays afin de servir leurs int\u00e9r\u00eats communs. Le pr\u00e9sident du groupe parlementaire, le d\u00e9put\u00e9 [&hellip;]<\/p>\n","protected":false},"author":5,"featured_media":246191,"comment_status":"open","ping_status":"open","sticky":false,"template":"","format":"standard","meta":{"footnotes":""},"categories":[63920,63957,63959,63927],"tags":[],"class_list":["post-246190","post","type-post","status-publish","format-standard","has-post-thumbnail","hentry","category-a-la-une","category-fil-dactualite","category-mauritanie","category-slider-mauritanie"],"_links":{"self":[{"href":"https:\/\/ami.mr\/fr\/wp-json\/wp\/v2\/posts\/246190","targetHints":{"allow":["GET"]}}],"collection":[{"href":"https:\/\/ami.mr\/fr\/wp-json\/wp\/v2\/posts"}],"about":[{"href":"https:\/\/ami.mr\/fr\/wp-json\/wp\/v2\/types\/post"}],"author":[{"embeddable":true,"href":"https:\/\/ami.mr\/fr\/wp-json\/wp\/v2\/users\/5"}],"replies":[{"embeddable":true,"href":"https:\/\/ami.mr\/fr\/wp-json\/wp\/v2\/comments?post=246190"}],"version-history":[{"count":1,"href":"https:\/\/ami.mr\/fr\/wp-json\/wp\/v2\/posts\/246190\/revisions"}],"predecessor-version":[{"id":246192,"href":"https:\/\/ami.mr\/fr\/wp-json\/wp\/v2\/posts\/246190\/revisions\/246192"}],"wp:featuredmedia":[{"embeddable":true,"href":"https:\/\/ami.mr\/fr\/wp-json\/wp\/v2\/media\/246191"}],"wp:attachment":[{"href":"https:\/\/ami.mr\/fr\/wp-json\/wp\/v2\/media?parent=246190"}],"wp:term":[{"taxonomy":"category","embeddable":true,"href":"https:\/\/ami.mr\/fr\/wp-json\/wp\/v2\/categories?post=246190"},{"taxonomy":"post_tag","embeddable":true,"href":"https:\/\/ami.mr\/fr\/wp-json\/wp\/v2\/tags?post=246190"}],"curies":[{"name":"wp","href":"https:\/\/api.w.org\/{rel}","templated":true}]}}