{"id":246055,"date":"2024-05-15T12:11:56","date_gmt":"2024-05-15T12:11:56","guid":{"rendered":"https:\/\/ami.mr\/fr\/?p=246055"},"modified":"2024-05-15T12:11:56","modified_gmt":"2024-05-15T12:11:56","slug":"le-ciel-restera-peu-nuageux-a-nuageux-sur-lensemble-de-la-mauritanie-4","status":"publish","type":"post","link":"https:\/\/ami.mr\/fr\/archives\/246055","title":{"rendered":"Le ciel restera peu nuageux \u00e0 nuageux sur l&#8217;ensemble de la Mauritanie"},"content":{"rendered":"<p>La situation m\u00e9t\u00e9orologique en Mauritanie sera caract\u00e9ris\u00e9e par des vents faibles \u00e0 mod\u00e9r\u00e9s de secteur nord \u00e0 nord-ouest sur le littoral et de nord-est au sud-est ainsi que sur le reste du pays avec des hausses sensibles de temp\u00e9ratures sur le sud et sud-ouest.<\/p>\n<p>Le ciel restera peu nuageux \u00e0 nuageux sur l&#8217;ensemble du territoire national avec probabilit\u00e9 de faibles pluies sur l&#8217;Adrar et les deux Hodhs tandis que la visibilit\u00e9 sera affect\u00e9e par sable sur le nord, le centre et sur le littoral.<\/p>\n<p>Au niveau de la ville de Nouakchott, les vents seront faibles \u00e0 mod\u00e9r\u00e9s de nord \u00e0 nord-ouest avec de baisses de temp\u00e9ratures, une visibilit\u00e9 l\u00e9g\u00e8rement affect\u00e9e par sable et un ciel peu nuageux \u00e0 nuageux.<\/p>\n<p>Voici les temp\u00e9ratures minimales et maximales pour les prochaines 24 heures :<\/p>\n<p>N\u00e9ma&#8212;&#8212;&#8212;&#8212;&#8212;&#8212;&#8211; 30\/41\u00b0<\/p>\n<p>Timb\u00e9dra&#8212;&#8212;&#8212;&#8212;&#8212;&#8211;30\/42\u00b0<\/p>\n<p>Oualata &#8212;&#8212;&#8212;&#8212;&#8212;&#8212;29\/40\u00b0<\/p>\n<p>Adel Bagrou&#8212;&#8212;&#8212;&#8212;&#8211;29\/39\u00b0<\/p>\n<p>Bassiknou &#8212;&#8212;&#8212;&#8212;&#8212; 29\/39\u00b0<\/p>\n<p>A\u00efoun &#8212;&#8212;&#8212;&#8212;&#8212;&#8212;&#8211;29\/42\u00b0<\/p>\n<p>Tintane &#8212;&#8212;&#8212;&#8212;&#8212;&#8212;29\/42\u00b0<\/p>\n<p>Kiffa &#8212;&#8212;&#8212;&#8212;&#8212;&#8212;&#8212;28\/42\u00b0<\/p>\n<p>Kankoussa &#8212;&#8212;&#8212;&#8212;&#8211;28\/42\u00b0<\/p>\n<p>Barkewol &#8212;&#8212;&#8212;&#8212;&#8212;-26\/41\u00b0<\/p>\n<p>Ka\u00e9di &#8212;&#8212;&#8212;&#8212;&#8212;&#8212;&#8211;24\/41\u00b0<\/p>\n<p>Monguel&#8212;&#8212;&#8212;&#8212;&#8212;&#8211;25\/41\u00b0<\/p>\n<p>Maghama &#8212;&#8212;&#8212;&#8212;&#8212;26\/41\u00b0<\/p>\n<p>M&#8217;bout&#8212;&#8212;&#8212;&#8212;&#8212;&#8212;-26\/41\u00b0<\/p>\n<p>Aleg &#8212;&#8212;&#8212;&#8212;&#8212;&#8212;&#8212;26\/46\u00b0<\/p>\n<p>Maghtalahjar &#8212;&#8212;&#8212;&#8211;24\/42\u00b0<\/p>\n<p>Bogh\u00e9 &#8212;&#8212;&#8212;&#8212;&#8212;&#8212;-22\/40\u00b0<\/p>\n<p>Rosso&#8212;&#8212;&#8212;&#8212;&#8212;&#8212;&#8211;18\/37\u00b0<\/p>\n<p>Boutilimitt &#8212;&#8212;&#8212;&#8212;&#8212;20\/40\u00b0<\/p>\n<p>Atar &#8212;&#8212;&#8212;&#8212;&#8212;&#8212;&#8212;-22\/40\u00b0<\/p>\n<p>Ouadane &#8212;&#8212;&#8212;&#8212;&#8212;-29\/40\u00b0<\/p>\n<p>Chinguetti &#8212;&#8212;&#8212;&#8212;&#8212;21\/39\u00b0<\/p>\n<p>Aoujeft &#8212;&#8212;&#8212;&#8212;&#8212;&#8212;22\/41\u00b0<\/p>\n<p>Nouadhibou &#8212;&#8212;&#8212;&#8212;17\/24\u00b0<\/p>\n<p>Tidjikja &#8212;&#8212;&#8212;&#8212;&#8212;&#8212;25\/40\u00b0<\/p>\n<p>Tichitt &#8212;&#8212;&#8212;&#8212;&#8212;&#8212;-27\/41\u00b0<\/p>\n<p>S\u00e9libabi &#8212;&#8212;&#8212;&#8212;&#8212;&#8211;27\/41\u00b0<\/p>\n<p>Zou\u00e9rate &#8212;&#8212;&#8212;&#8212;&#8212;-17\/35\u00b0<\/p>\n<p>Bir Moghrein &#8212;&#8212;&#8212;&#8212;14\/32\u00b0<\/p>\n<p>Akjoujt &#8212;&#8212;&#8212;&#8212;&#8212;&#8212;22\/40\u00b0<\/p>\n<p>Nouakchott &#8212;&#8212;&#8212;&#8212;-18\/26\u00b0<\/p>\n<p>Au niveau du littoral, la mer restera peu agit\u00e9e \u00e0 agiter, tandis que la houle sera de direction nord-ouest et la hauteur des vagues variera de 0,8 \u00e0 2.4 m\u00e8tres.<\/p>\n","protected":false},"excerpt":{"rendered":"<p>La situation m\u00e9t\u00e9orologique en Mauritanie sera caract\u00e9ris\u00e9e par des vents faibles \u00e0 mod\u00e9r\u00e9s de secteur nord \u00e0 nord-ouest sur le littoral et de nord-est au sud-est ainsi que sur le reste du pays avec des hausses sensibles de temp\u00e9ratures sur le sud et sud-ouest. Le ciel restera peu nuageux \u00e0 nuageux sur l&#8217;ensemble du territoire [&hellip;]<\/p>\n","protected":false},"author":10,"featured_media":245431,"comment_status":"open","ping_status":"open","sticky":false,"template":"","format":"standard","meta":{"footnotes":""},"categories":[63918,63957,8672],"tags":[],"class_list":["post-246055","post","type-post","status-publish","format-standard","has-post-thumbnail","hentry","category-autres","category-fil-dactualite","category-8672"],"_links":{"self":[{"href":"https:\/\/ami.mr\/fr\/wp-json\/wp\/v2\/posts\/246055","targetHints":{"allow":["GET"]}}],"collection":[{"href":"https:\/\/ami.mr\/fr\/wp-json\/wp\/v2\/posts"}],"about":[{"href":"https:\/\/ami.mr\/fr\/wp-json\/wp\/v2\/types\/post"}],"author":[{"embeddable":true,"href":"https:\/\/ami.mr\/fr\/wp-json\/wp\/v2\/users\/10"}],"replies":[{"embeddable":true,"href":"https:\/\/ami.mr\/fr\/wp-json\/wp\/v2\/comments?post=246055"}],"version-history":[{"count":1,"href":"https:\/\/ami.mr\/fr\/wp-json\/wp\/v2\/posts\/246055\/revisions"}],"predecessor-version":[{"id":246056,"href":"https:\/\/ami.mr\/fr\/wp-json\/wp\/v2\/posts\/246055\/revisions\/246056"}],"wp:featuredmedia":[{"embeddable":true,"href":"https:\/\/ami.mr\/fr\/wp-json\/wp\/v2\/media\/245431"}],"wp:attachment":[{"href":"https:\/\/ami.mr\/fr\/wp-json\/wp\/v2\/media?parent=246055"}],"wp:term":[{"taxonomy":"category","embeddable":true,"href":"https:\/\/ami.mr\/fr\/wp-json\/wp\/v2\/categories?post=246055"},{"taxonomy":"post_tag","embeddable":true,"href":"https:\/\/ami.mr\/fr\/wp-json\/wp\/v2\/tags?post=246055"}],"curies":[{"name":"wp","href":"https:\/\/api.w.org\/{rel}","templated":true}]}}