{"id":245997,"date":"2024-05-14T18:56:04","date_gmt":"2024-05-14T18:56:04","guid":{"rendered":"https:\/\/ami.mr\/fr\/?p=245997"},"modified":"2024-05-14T18:56:04","modified_gmt":"2024-05-14T18:56:04","slug":"tagant-reunion-du-comite-regional-charge-du-recensement-general-du-cheptel","status":"publish","type":"post","link":"https:\/\/ami.mr\/fr\/archives\/245997","title":{"rendered":"Tagant : r\u00e9union du comit\u00e9 r\u00e9gional charg\u00e9 du recensement g\u00e9n\u00e9ral du cheptel"},"content":{"rendered":"<div class=\"row\"><\/div>\n<div class=\"row\">\n<div class=\"cell auto-size\">\n<div class=\"set-border bd-gray padding10 margin10 no-margin-right no-margin-left \" dir=\"ltr\">\n<p>Le wali du Tagant, M. Teyib Ould Mohamed Mahmoud, a pr\u00e9sid\u00e9, mardi \u00e0 Tidjikdja, une r\u00e9union du Comit\u00e9 r\u00e9gional charg\u00e9 du recensement g\u00e9n\u00e9ral du cheptel dans les locaux de la commune de Tidjikdja.<\/p>\n<p>Au cours de cette r\u00e9union, le wali a mis en exergue l&#8217;importance du secteur de l&#8217;\u00e9levage en tant que l&#8217;un des principaux piliers de l&#8217;\u00e9conomie nationale.<\/p>\n<p>Il a soulign\u00e9 que le Pr\u00e9sident de la R\u00e9publique, Monsieur Mohamed Ould Cheikh El Ghazouani, conscient des menaces qui p\u00e8sent sur le secteur de l&#8217;\u00e9levage en raison des changements climatiques et du recul du couvert v\u00e9g\u00e9tal, a veill\u00e9 \u00e0 ce que ce secteur constitue un pilier essentiel de son programme prioritaire compte tenu de sa dimension \u00e9conomique, ce qui a amen\u00e9 les pouvoirs publics \u00e0 d\u00e9cider de la r\u00e9alisation de ce recensement afin d&#8217;\u00e9laborer une politique qui soit en phase avec son temps et d&#8217;am\u00e9liorer la productivit\u00e9 du secteur en se basant sur les r\u00e9sultats de ce recensement.<\/p>\n<p>De leur c\u00f4t\u00e9, les intervenants ont salu\u00e9 l\u2019op\u00e9ration, esp\u00e9rant que ses r\u00e9sultats se refl\u00e9teront sur le d\u00e9veloppement du secteur et son int\u00e9gration effective dans le cycle \u00e9conomique du pays.<\/p>\n<p>Le repr\u00e9sentant r\u00e9gional du minist\u00e8re de l\u2019Elevage, M. Mohamed Ould Saleck, et le coordinateur r\u00e9gional adjoint du recensement, M. Brahim Ebbeheida Sneiba, ont ensuite fait une pr\u00e9sentation d\u00e9taill\u00e9e, expliquant les \u00e9tapes de l\u2019op\u00e9ration et les objectifs \u00e0 atteindre \u00e0 travers l&#8217;\u00e9tablissement de donn\u00e9es de base pour \u00e9laborer une politique efficace de d\u00e9veloppement du secteur.<\/p>\n<p>La r\u00e9union s&#8217;est d\u00e9roul\u00e9e en pr\u00e9sence du directeur de cabinet du wali, M. Mokhtar Ould Ahmed Ould Baba, des hakems des trois moughataas que compte la Wilya, du vice-pr\u00e9sident de la r\u00e9gion de Tagant, M. Yahyana Ould Ahmed Cheikh, du repr\u00e9sentant de l&#8217;Agence nationale de la statistique et de l&#8217;analyse d\u00e9mographique, M. Saadna Sakho, du chef de la cellule r\u00e9gionale de l&#8217;Agence nationale de la statistique, M. Dah Sidna Mohamed Saleh, ainsi que des repr\u00e9sentants des associations pastorales du Tagant.<\/p>\n<\/div>\n<\/div>\n<\/div>\n","protected":false},"excerpt":{"rendered":"<p>Le wali du Tagant, M. Teyib Ould Mohamed Mahmoud, a pr\u00e9sid\u00e9, mardi \u00e0 Tidjikdja, une r\u00e9union du Comit\u00e9 r\u00e9gional charg\u00e9 du recensement g\u00e9n\u00e9ral du cheptel dans les locaux de la commune de Tidjikdja. Au cours de cette r\u00e9union, le wali a mis en exergue l&#8217;importance du secteur de l&#8217;\u00e9levage en tant que l&#8217;un des principaux [&hellip;]<\/p>\n","protected":false},"author":8,"featured_media":245999,"comment_status":"open","ping_status":"open","sticky":false,"template":"","format":"standard","meta":{"footnotes":""},"categories":[63918,63957],"tags":[],"class_list":["post-245997","post","type-post","status-publish","format-standard","has-post-thumbnail","hentry","category-autres","category-fil-dactualite"],"_links":{"self":[{"href":"https:\/\/ami.mr\/fr\/wp-json\/wp\/v2\/posts\/245997","targetHints":{"allow":["GET"]}}],"collection":[{"href":"https:\/\/ami.mr\/fr\/wp-json\/wp\/v2\/posts"}],"about":[{"href":"https:\/\/ami.mr\/fr\/wp-json\/wp\/v2\/types\/post"}],"author":[{"embeddable":true,"href":"https:\/\/ami.mr\/fr\/wp-json\/wp\/v2\/users\/8"}],"replies":[{"embeddable":true,"href":"https:\/\/ami.mr\/fr\/wp-json\/wp\/v2\/comments?post=245997"}],"version-history":[{"count":1,"href":"https:\/\/ami.mr\/fr\/wp-json\/wp\/v2\/posts\/245997\/revisions"}],"predecessor-version":[{"id":246000,"href":"https:\/\/ami.mr\/fr\/wp-json\/wp\/v2\/posts\/245997\/revisions\/246000"}],"wp:featuredmedia":[{"embeddable":true,"href":"https:\/\/ami.mr\/fr\/wp-json\/wp\/v2\/media\/245999"}],"wp:attachment":[{"href":"https:\/\/ami.mr\/fr\/wp-json\/wp\/v2\/media?parent=245997"}],"wp:term":[{"taxonomy":"category","embeddable":true,"href":"https:\/\/ami.mr\/fr\/wp-json\/wp\/v2\/categories?post=245997"},{"taxonomy":"post_tag","embeddable":true,"href":"https:\/\/ami.mr\/fr\/wp-json\/wp\/v2\/tags?post=245997"}],"curies":[{"name":"wp","href":"https:\/\/api.w.org\/{rel}","templated":true}]}}