{"id":245934,"date":"2024-05-14T13:47:22","date_gmt":"2024-05-14T13:47:22","guid":{"rendered":"https:\/\/ami.mr\/fr\/?p=245934"},"modified":"2024-05-14T13:47:22","modified_gmt":"2024-05-14T13:47:22","slug":"le-wali-du-gorgol-informe-de-lavancement-des-cours-au-lycee-n-1-de-kaedi","status":"publish","type":"post","link":"https:\/\/ami.mr\/fr\/archives\/245934","title":{"rendered":"Le wali du Gorgol inform\u00e9 de l\u2019avancement des cours au lyc\u00e9e N\u00b0 1 de Ka\u00e9di"},"content":{"rendered":"<p>Le wali du Gorgol M. Ahmedna Ould Sid Ebba a visit\u00e9 mardi le lyc\u00e9e N\u00b0 1 de Ka\u00e9di, o\u00f9 il a inspect\u00e9 les salles de classe et s\u2019est enquis de l\u2019avancement de l\u2019action \u00e9ducative.<\/p>\n<p>Cette visite vise a pour objectif de voir sur le terrain l\u2019avancement des cours, notamment apr\u00e8s la r\u00e9cente d\u00e9cision prise par l\u2019administration de fixer les heures de travail officielles de sept heures du matin \u00e0 douze heures de l\u2019apr\u00e8s-midi, en raison de la vague de chaleur qui frappe le pays en cette p\u00e9riode.<\/p>\n<p>Dans un discours prononc\u00e9 \u00e0 cette occasion, le wali a expliqu\u00e9 que cette visite lui a permis de voir de pr\u00e8s l\u2019\u00e9volution des cours dans cette institution, et d\u2019identifier les probl\u00e8mes pos\u00e9s \u00e0 l\u2019administration et au personnel \u00e9ducatif, consid\u00e9rant que l\u2019avancement de l\u2019action \u00e9ducative dans cette institution s\u2019inscrit parfaitement dans le cadre g\u00e9n\u00e9ral de l\u2019\u00c9cole r\u00e9publicaine.<\/p>\n<p>Le wali a exhort\u00e9 les \u00e9l\u00e8ves, en particulier ceux qui sont candidats au baccalaur\u00e9at, \u00e0 pers\u00e9v\u00e9rer et \u00e0 r\u00e9viser avec diligence les le\u00e7ons et \u00e0 r\u00e9soudre les exercices \u00e0 domicile pour bien repr\u00e9senter la wilaya du Gorgol en se classant premiers aux examens.<\/p>\n<p>Il a appel\u00e9 les \u00e9tudiants \u00e0 se concentrer sur la langue arabe et \u00e0 faire tout leur possible pour la conna\u00eetre, en plus des autres langues, et les a invit\u00e9s \u00e0 apprendre les langues nationales pour am\u00e9liorer la communication entre les fils de toutes nos communaut\u00e9s.<\/p>\n<p>Au cours de la visite, le wali \u00e9tait accompagn\u00e9 du hakem de la moughataa de Ka\u00e9di, Mohamed Salem Ould Beylel, de l\u2019adjoint au maire de la commune de Ka\u00e9di, Abou Ciss\u00e9, du chef du service de l\u2019\u00e9ducation de base \u00e0 la direction r\u00e9gionale, du directeur du coll\u00e8ge num\u00e9ro un, et d\u2019autres autorit\u00e9s de la wilaya.<\/p>\n","protected":false},"excerpt":{"rendered":"<p>Le wali du Gorgol M. Ahmedna Ould Sid Ebba a visit\u00e9 mardi le lyc\u00e9e N\u00b0 1 de Ka\u00e9di, o\u00f9 il a inspect\u00e9 les salles de classe et s\u2019est enquis de l\u2019avancement de l\u2019action \u00e9ducative. Cette visite vise a pour objectif de voir sur le terrain l\u2019avancement des cours, notamment apr\u00e8s la r\u00e9cente d\u00e9cision prise par [&hellip;]<\/p>\n","protected":false},"author":17,"featured_media":245935,"comment_status":"open","ping_status":"open","sticky":false,"template":"","format":"standard","meta":{"footnotes":""},"categories":[63918,63957,8672],"tags":[],"class_list":["post-245934","post","type-post","status-publish","format-standard","has-post-thumbnail","hentry","category-autres","category-fil-dactualite","category-8672"],"_links":{"self":[{"href":"https:\/\/ami.mr\/fr\/wp-json\/wp\/v2\/posts\/245934","targetHints":{"allow":["GET"]}}],"collection":[{"href":"https:\/\/ami.mr\/fr\/wp-json\/wp\/v2\/posts"}],"about":[{"href":"https:\/\/ami.mr\/fr\/wp-json\/wp\/v2\/types\/post"}],"author":[{"embeddable":true,"href":"https:\/\/ami.mr\/fr\/wp-json\/wp\/v2\/users\/17"}],"replies":[{"embeddable":true,"href":"https:\/\/ami.mr\/fr\/wp-json\/wp\/v2\/comments?post=245934"}],"version-history":[{"count":1,"href":"https:\/\/ami.mr\/fr\/wp-json\/wp\/v2\/posts\/245934\/revisions"}],"predecessor-version":[{"id":245936,"href":"https:\/\/ami.mr\/fr\/wp-json\/wp\/v2\/posts\/245934\/revisions\/245936"}],"wp:featuredmedia":[{"embeddable":true,"href":"https:\/\/ami.mr\/fr\/wp-json\/wp\/v2\/media\/245935"}],"wp:attachment":[{"href":"https:\/\/ami.mr\/fr\/wp-json\/wp\/v2\/media?parent=245934"}],"wp:term":[{"taxonomy":"category","embeddable":true,"href":"https:\/\/ami.mr\/fr\/wp-json\/wp\/v2\/categories?post=245934"},{"taxonomy":"post_tag","embeddable":true,"href":"https:\/\/ami.mr\/fr\/wp-json\/wp\/v2\/tags?post=245934"}],"curies":[{"name":"wp","href":"https:\/\/api.w.org\/{rel}","templated":true}]}}