{"id":245874,"date":"2024-05-13T18:31:51","date_gmt":"2024-05-13T18:31:51","guid":{"rendered":"https:\/\/ami.mr\/fr\/?p=245874"},"modified":"2024-05-13T18:31:51","modified_gmt":"2024-05-13T18:31:51","slug":"le-wali-de-ladrar-se-reunit-avec-une-delegation-de-la-fondation-snim","status":"publish","type":"post","link":"https:\/\/ami.mr\/fr\/archives\/245874","title":{"rendered":"Le wali de l&#8217;Adrar se r\u00e9unit avec une d\u00e9l\u00e9gation de la Fondation SNIM"},"content":{"rendered":"<div class=\"cell auto-size\">\n<div class=\"set-border bd-gray padding10 margin10 no-margin-right no-margin-left \" dir=\"ltr\">\n<p>Le wali de l&#8217;Adrar, M. Abdallahi Ould Mohamed Mahmoud, s&#8217;est entretenu, lundi \u00e0 Atar, avec une d\u00e9l\u00e9gation de la Fondation caritative de la Soci\u00e9t\u00e9 Nationale d\u2019Industrie et des Mines (SNIM), conduite par son directeur g\u00e9n\u00e9ral, M. Mohamed Mahmoud Ould Sidna, en pr\u00e9sence du charg\u00e9 des relations publiques et de la s\u00e9curit\u00e9, Haimouda Ould El Khomani.<\/p>\n<p>Le wali a soulign\u00e9 que l&#8217;objectif de la r\u00e9union \u00e9tait de parvenir \u00e0 un partenariat dans un cadre l\u00e9gal entre les maires de la Wilaya et l&#8217;Autorit\u00e9 Charitable de la SNIM, permettant \u00e0 la Fondation caritative d&#8217;intervenir dans la Wilaya de l&#8217;Adrar.<\/p>\n<p>La mission a \u00e9cout\u00e9 les questions soulev\u00e9es par les maires, et le directeur g\u00e9n\u00e9ral de la Fondation a r\u00e9pondu \u00e0 toutes les questions soulev\u00e9es, s&#8217;engageant \u00e0 ne m\u00e9nager aucun effort pour y trouver des solutions.<\/p>\n<p>Les hakems des moughataas, le pr\u00e9sident du Conseil r\u00e9gional et les maires des communes ont particip\u00e9 \u00e0 la r\u00e9union.<\/p>\n<\/div>\n<\/div>\n","protected":false},"excerpt":{"rendered":"<p>Le wali de l&#8217;Adrar, M. Abdallahi Ould Mohamed Mahmoud, s&#8217;est entretenu, lundi \u00e0 Atar, avec une d\u00e9l\u00e9gation de la Fondation caritative de la Soci\u00e9t\u00e9 Nationale d\u2019Industrie et des Mines (SNIM), conduite par son directeur g\u00e9n\u00e9ral, M. Mohamed Mahmoud Ould Sidna, en pr\u00e9sence du charg\u00e9 des relations publiques et de la s\u00e9curit\u00e9, Haimouda Ould El Khomani. [&hellip;]<\/p>\n","protected":false},"author":13,"featured_media":245859,"comment_status":"open","ping_status":"open","sticky":false,"template":"","format":"standard","meta":{"footnotes":""},"categories":[63918,63919,63957,63923],"tags":[],"class_list":["post-245874","post","type-post","status-publish","format-standard","has-post-thumbnail","hentry","category-autres","category-choix-du-redacteur","category-fil-dactualite","category-slider-wilayas"],"_links":{"self":[{"href":"https:\/\/ami.mr\/fr\/wp-json\/wp\/v2\/posts\/245874","targetHints":{"allow":["GET"]}}],"collection":[{"href":"https:\/\/ami.mr\/fr\/wp-json\/wp\/v2\/posts"}],"about":[{"href":"https:\/\/ami.mr\/fr\/wp-json\/wp\/v2\/types\/post"}],"author":[{"embeddable":true,"href":"https:\/\/ami.mr\/fr\/wp-json\/wp\/v2\/users\/13"}],"replies":[{"embeddable":true,"href":"https:\/\/ami.mr\/fr\/wp-json\/wp\/v2\/comments?post=245874"}],"version-history":[{"count":1,"href":"https:\/\/ami.mr\/fr\/wp-json\/wp\/v2\/posts\/245874\/revisions"}],"predecessor-version":[{"id":245875,"href":"https:\/\/ami.mr\/fr\/wp-json\/wp\/v2\/posts\/245874\/revisions\/245875"}],"wp:featuredmedia":[{"embeddable":true,"href":"https:\/\/ami.mr\/fr\/wp-json\/wp\/v2\/media\/245859"}],"wp:attachment":[{"href":"https:\/\/ami.mr\/fr\/wp-json\/wp\/v2\/media?parent=245874"}],"wp:term":[{"taxonomy":"category","embeddable":true,"href":"https:\/\/ami.mr\/fr\/wp-json\/wp\/v2\/categories?post=245874"},{"taxonomy":"post_tag","embeddable":true,"href":"https:\/\/ami.mr\/fr\/wp-json\/wp\/v2\/tags?post=245874"}],"curies":[{"name":"wp","href":"https:\/\/api.w.org\/{rel}","templated":true}]}}