{"id":245855,"date":"2024-05-13T18:26:37","date_gmt":"2024-05-13T18:26:37","guid":{"rendered":"https:\/\/ami.mr\/fr\/?p=245855"},"modified":"2024-05-13T18:26:37","modified_gmt":"2024-05-13T18:26:37","slug":"le-president-de-lautorite-de-protection-des-donnees-participe-a-lassemblee-generale-du-raapd","status":"publish","type":"post","link":"https:\/\/ami.mr\/fr\/archives\/245855","title":{"rendered":"Le pr\u00e9sident de l&#8217;Autorit\u00e9 de protection des donn\u00e9es participe \u00e0 l&#8217;Assembl\u00e9e g\u00e9n\u00e9rale du RAAPD"},"content":{"rendered":"<div class=\"cell auto-size\">\n<div class=\"set-border bd-gray padding10 margin10 no-margin-right no-margin-left \" dir=\"ltr\">\n<p>Le pr\u00e9sident de l&#8217;Autorit\u00e9 de protection des donn\u00e9es personnelles (PDPA), M. Mohamed Lemine Ould Sidi, a particip\u00e9 \u00e0 l&#8217;Assembl\u00e9e g\u00e9n\u00e9rale du R\u00e9seau africain des Autorit\u00e9s de Protection des Donn\u00e9es Personnelles &#8211; Le pr\u00e9sident de l&#8217;Autorit\u00e9 de protection des donn\u00e9es participe \u00e0 l&#8217;Assembl\u00e9e g\u00e9n\u00e9rale du RAAPD, qui s&#8217;est tenue dans la capitale k\u00e9nyane, Nairobi, du 7 au 9 mai.<\/p>\n<p>Les pr\u00e9sidents des Autorit\u00e9s de protection des donn\u00e9es ont d\u00e9battu des points inscrits \u00e0 l&#8217;ordre du jour de l&#8217;Assembl\u00e9e g\u00e9n\u00e9rale, dont :<\/p>\n<p>&#8211; Discussion et adoption du r\u00e8glement int\u00e9rieur du R\u00e9seau africain des autorit\u00e9s de protection des donn\u00e9es personnalis\u00e9es,<\/p>\n<p>&#8211; Adoption du plan strat\u00e9gique du R\u00e9seau Africain des Autorit\u00e9s de Protection des Donn\u00e9es Personnalis\u00e9es,<\/p>\n<p>&#8211; Adoption des demandes d&#8217;adh\u00e9sion pr\u00e9sent\u00e9es par certains pays africains au R\u00e9seau africain des autorit\u00e9s de protection des donn\u00e9es personnalis\u00e9es.<\/p>\n<p>Lors de cette visite, le Pr\u00e9sident de l&#8217;APD \u00e9tait accompagn\u00e9 du Conseiller charg\u00e9 de la planification, de la coop\u00e9ration, du suivi et de l&#8217;\u00e9valuation, M. Samam Mokhtar Ammou.<\/p>\n<\/div>\n<\/div>\n","protected":false},"excerpt":{"rendered":"<p>Le pr\u00e9sident de l&#8217;Autorit\u00e9 de protection des donn\u00e9es personnelles (PDPA), M. Mohamed Lemine Ould Sidi, a particip\u00e9 \u00e0 l&#8217;Assembl\u00e9e g\u00e9n\u00e9rale du R\u00e9seau africain des Autorit\u00e9s de Protection des Donn\u00e9es Personnelles &#8211; Le pr\u00e9sident de l&#8217;Autorit\u00e9 de protection des donn\u00e9es participe \u00e0 l&#8217;Assembl\u00e9e g\u00e9n\u00e9rale du RAAPD, qui s&#8217;est tenue dans la capitale k\u00e9nyane, Nairobi, du 7 [&hellip;]<\/p>\n","protected":false},"author":13,"featured_media":245856,"comment_status":"open","ping_status":"open","sticky":false,"template":"","format":"standard","meta":{"footnotes":""},"categories":[63918,63919,63957,63959],"tags":[],"class_list":["post-245855","post","type-post","status-publish","format-standard","has-post-thumbnail","hentry","category-autres","category-choix-du-redacteur","category-fil-dactualite","category-mauritanie"],"_links":{"self":[{"href":"https:\/\/ami.mr\/fr\/wp-json\/wp\/v2\/posts\/245855","targetHints":{"allow":["GET"]}}],"collection":[{"href":"https:\/\/ami.mr\/fr\/wp-json\/wp\/v2\/posts"}],"about":[{"href":"https:\/\/ami.mr\/fr\/wp-json\/wp\/v2\/types\/post"}],"author":[{"embeddable":true,"href":"https:\/\/ami.mr\/fr\/wp-json\/wp\/v2\/users\/13"}],"replies":[{"embeddable":true,"href":"https:\/\/ami.mr\/fr\/wp-json\/wp\/v2\/comments?post=245855"}],"version-history":[{"count":1,"href":"https:\/\/ami.mr\/fr\/wp-json\/wp\/v2\/posts\/245855\/revisions"}],"predecessor-version":[{"id":245872,"href":"https:\/\/ami.mr\/fr\/wp-json\/wp\/v2\/posts\/245855\/revisions\/245872"}],"wp:featuredmedia":[{"embeddable":true,"href":"https:\/\/ami.mr\/fr\/wp-json\/wp\/v2\/media\/245856"}],"wp:attachment":[{"href":"https:\/\/ami.mr\/fr\/wp-json\/wp\/v2\/media?parent=245855"}],"wp:term":[{"taxonomy":"category","embeddable":true,"href":"https:\/\/ami.mr\/fr\/wp-json\/wp\/v2\/categories?post=245855"},{"taxonomy":"post_tag","embeddable":true,"href":"https:\/\/ami.mr\/fr\/wp-json\/wp\/v2\/tags?post=245855"}],"curies":[{"name":"wp","href":"https:\/\/api.w.org\/{rel}","templated":true}]}}