{"id":245802,"date":"2024-05-13T12:07:59","date_gmt":"2024-05-13T12:07:59","guid":{"rendered":"https:\/\/ami.mr\/fr\/?p=245802"},"modified":"2024-05-13T17:21:20","modified_gmt":"2024-05-13T17:21:20","slug":"le-ministre-des-affaires-etrangeres-se-rend-au-royaume-de-bahrein","status":"publish","type":"post","link":"https:\/\/ami.mr\/fr\/archives\/245802","title":{"rendered":"Le ministre des Affaires \u00e9trang\u00e8res se rend au Royaume de Bahre\u00efn"},"content":{"rendered":"<p>Le ministre des Affaires \u00e9trang\u00e8res, de la Coop\u00e9ration et des Mauritaniens de l&#8217;Ext\u00e9rieur, M. Mohamed Salem Ould Merzoug, a quitt\u00e9 Nouakchott lundi matin pour le Royaume de Bahre\u00efn.<\/p>\n<p>Au cours de cette visite, le ministre participera aux r\u00e9unions pr\u00e9paratoires de la 33\u00e8me session du Sommet arabe pr\u00e9vue le 16 mai \u00e0 Manama.<\/p>\n<p>Le ministre est accompagn\u00e9 de MM. Houssein Sidi Abdallahi Deh, repr\u00e9sentant permanent de la Mauritanie aupr\u00e8s de la Ligue des \u00c9tats arabes, Hasni El Veghih, ambassadeur charg\u00e9 du cabinet du ministre, Ahmed Mahmouden, ambassadeur et directeur g\u00e9n\u00e9ral de la direction g\u00e9n\u00e9rale de la coop\u00e9ration multilat\u00e9rale, Cheikh Sidi Ahmed Mohamed Saleck, ambassadeur directeur du d\u00e9partement Ligue arabe et Organisation de la coop\u00e9ration islamique \u00e0 la direction g\u00e9n\u00e9rale de la coop\u00e9ration multilat\u00e9rale, Mohamed Ould Bab Ely Mahmoud, ambassadeur directeur du protocole au minist\u00e8re.<\/p>\n","protected":false},"excerpt":{"rendered":"<p>Le ministre des Affaires \u00e9trang\u00e8res, de la Coop\u00e9ration et des Mauritaniens de l&#8217;Ext\u00e9rieur, M. Mohamed Salem Ould Merzoug, a quitt\u00e9 Nouakchott lundi matin pour le Royaume de Bahre\u00efn. Au cours de cette visite, le ministre participera aux r\u00e9unions pr\u00e9paratoires de la 33\u00e8me session du Sommet arabe pr\u00e9vue le 16 mai \u00e0 Manama. Le ministre est [&hellip;]<\/p>\n","protected":false},"author":16,"featured_media":245860,"comment_status":"open","ping_status":"open","sticky":false,"template":"","format":"standard","meta":{"footnotes":""},"categories":[63918,63957,63959],"tags":[],"class_list":["post-245802","post","type-post","status-publish","format-standard","has-post-thumbnail","hentry","category-autres","category-fil-dactualite","category-mauritanie"],"_links":{"self":[{"href":"https:\/\/ami.mr\/fr\/wp-json\/wp\/v2\/posts\/245802","targetHints":{"allow":["GET"]}}],"collection":[{"href":"https:\/\/ami.mr\/fr\/wp-json\/wp\/v2\/posts"}],"about":[{"href":"https:\/\/ami.mr\/fr\/wp-json\/wp\/v2\/types\/post"}],"author":[{"embeddable":true,"href":"https:\/\/ami.mr\/fr\/wp-json\/wp\/v2\/users\/16"}],"replies":[{"embeddable":true,"href":"https:\/\/ami.mr\/fr\/wp-json\/wp\/v2\/comments?post=245802"}],"version-history":[{"count":1,"href":"https:\/\/ami.mr\/fr\/wp-json\/wp\/v2\/posts\/245802\/revisions"}],"predecessor-version":[{"id":245804,"href":"https:\/\/ami.mr\/fr\/wp-json\/wp\/v2\/posts\/245802\/revisions\/245804"}],"wp:featuredmedia":[{"embeddable":true,"href":"https:\/\/ami.mr\/fr\/wp-json\/wp\/v2\/media\/245860"}],"wp:attachment":[{"href":"https:\/\/ami.mr\/fr\/wp-json\/wp\/v2\/media?parent=245802"}],"wp:term":[{"taxonomy":"category","embeddable":true,"href":"https:\/\/ami.mr\/fr\/wp-json\/wp\/v2\/categories?post=245802"},{"taxonomy":"post_tag","embeddable":true,"href":"https:\/\/ami.mr\/fr\/wp-json\/wp\/v2\/tags?post=245802"}],"curies":[{"name":"wp","href":"https:\/\/api.w.org\/{rel}","templated":true}]}}