{"id":245573,"date":"2024-05-09T12:53:11","date_gmt":"2024-05-09T12:53:11","guid":{"rendered":"https:\/\/ami.mr\/fr\/?p=245573"},"modified":"2024-05-09T12:53:11","modified_gmt":"2024-05-09T12:53:11","slug":"le-premier-ministre-se-reunit-avec-les-hommes-daffaires-mauritaniens-participant-a-la-conference-de-partenariat-economique-usa-afrique","status":"publish","type":"post","link":"https:\/\/ami.mr\/fr\/archives\/245573","title":{"rendered":"Le Premier ministre se r\u00e9unit avec les hommes d&#8217;affaires mauritaniens participant \u00e0 la Conf\u00e9rence de partenariat \u00e9conomique USA-Afrique"},"content":{"rendered":"<p>Le Premier ministre, M. Mohamed Ould Bilal Messoud a tenu, mercredi \u00e0 Dallas, aux Etats-Unis, une s\u00e9ance de travail avec la d\u00e9l\u00e9gation d&#8217;hommes d&#8217;affaires mauritaniens participant \u00e0 la Conf\u00e9rence de partenariat \u00e9conomique USA-Afrique (US-Africa Economic Partnership Conference).<\/p>\n<p>La r\u00e9union a permis d&#8217;examiner et de discuter des opportunit\u00e9s et des d\u00e9fis en mati\u00e8re d&#8217;investissement en Mauritanie, ainsi que des meilleurs moyens de tirer profit des programmes de partenariat entre les secteurs priv\u00e9s mauritanien et am\u00e9ricain.<\/p>\n<p>Ils ont \u00e9galement discut\u00e9 des moyens d&#8217;am\u00e9liorer les partenariats dans les domaines des mines et de l&#8217;\u00e9nergie, en particulier des \u00e9nergies renouvelables.<\/p>\n<p>La r\u00e9union s&#8217;est d\u00e9roul\u00e9e en pr\u00e9sence du ministre de l\u2019\u00c9conomie et du D\u00e9veloppement durable, M. Abdesselam Ould Mohamed Saleh, de la directrice de Cabinet du Premier ministre, Mme Aicha Vall Verg\u00e8s, de l&#8217;ambassadrice de notre pays \u00e0 Washington SE. Mme Ciss\u00e9 Mint Cheikh Ould Be\u00efda, et de M. Mohamed Ould Melainine Ould Khaled, directeur g\u00e9n\u00e9ral de la Soci\u00e9t\u00e9 Mauritanienne des Hydrocarbures (SMH).<\/p>\n","protected":false},"excerpt":{"rendered":"<p>Le Premier ministre, M. Mohamed Ould Bilal Messoud a tenu, mercredi \u00e0 Dallas, aux Etats-Unis, une s\u00e9ance de travail avec la d\u00e9l\u00e9gation d&#8217;hommes d&#8217;affaires mauritaniens participant \u00e0 la Conf\u00e9rence de partenariat \u00e9conomique USA-Afrique (US-Africa Economic Partnership Conference). La r\u00e9union a permis d&#8217;examiner et de discuter des opportunit\u00e9s et des d\u00e9fis en mati\u00e8re d&#8217;investissement en Mauritanie, [&hellip;]<\/p>\n","protected":false},"author":2,"featured_media":245568,"comment_status":"open","ping_status":"open","sticky":false,"template":"","format":"standard","meta":{"footnotes":""},"categories":[63919,63957,25,63921,63926],"tags":[],"class_list":["post-245573","post","type-post","status-publish","format-standard","has-post-thumbnail","hentry","category-choix-du-redacteur","category-fil-dactualite","category-25","category-slider-afficher","category-slider-general"],"_links":{"self":[{"href":"https:\/\/ami.mr\/fr\/wp-json\/wp\/v2\/posts\/245573","targetHints":{"allow":["GET"]}}],"collection":[{"href":"https:\/\/ami.mr\/fr\/wp-json\/wp\/v2\/posts"}],"about":[{"href":"https:\/\/ami.mr\/fr\/wp-json\/wp\/v2\/types\/post"}],"author":[{"embeddable":true,"href":"https:\/\/ami.mr\/fr\/wp-json\/wp\/v2\/users\/2"}],"replies":[{"embeddable":true,"href":"https:\/\/ami.mr\/fr\/wp-json\/wp\/v2\/comments?post=245573"}],"version-history":[{"count":1,"href":"https:\/\/ami.mr\/fr\/wp-json\/wp\/v2\/posts\/245573\/revisions"}],"predecessor-version":[{"id":245574,"href":"https:\/\/ami.mr\/fr\/wp-json\/wp\/v2\/posts\/245573\/revisions\/245574"}],"wp:featuredmedia":[{"embeddable":true,"href":"https:\/\/ami.mr\/fr\/wp-json\/wp\/v2\/media\/245568"}],"wp:attachment":[{"href":"https:\/\/ami.mr\/fr\/wp-json\/wp\/v2\/media?parent=245573"}],"wp:term":[{"taxonomy":"category","embeddable":true,"href":"https:\/\/ami.mr\/fr\/wp-json\/wp\/v2\/categories?post=245573"},{"taxonomy":"post_tag","embeddable":true,"href":"https:\/\/ami.mr\/fr\/wp-json\/wp\/v2\/tags?post=245573"}],"curies":[{"name":"wp","href":"https:\/\/api.w.org\/{rel}","templated":true}]}}