{"id":245387,"date":"2024-05-06T17:59:34","date_gmt":"2024-05-06T17:59:34","guid":{"rendered":"https:\/\/ami.mr\/fr\/?p=245387"},"modified":"2024-05-06T17:59:34","modified_gmt":"2024-05-06T17:59:34","slug":"ouverture-dun-atelier-national-sur-lassurance-du-betail-et-sa-protection-contre-le-vol-transfrontalier","status":"publish","type":"post","link":"https:\/\/ami.mr\/fr\/archives\/245387","title":{"rendered":"Ouverture d&#8217;un atelier national sur l&#8217;assurance du b\u00e9tail et sa protection contre le vol transfrontalier"},"content":{"rendered":"<p>Le ministre du d\u00e9veloppement animal, M. Ahmedeit Ould Cheine, a supervis\u00e9, lundi, au si\u00e8ge de la F\u00e9d\u00e9ration nationale de l\u2019\u00e9levage, \u00e0 Nouakchott, l&#8217;ouverture d&#8217;un atelier sur l\u2019assurance du b\u00e9tail.<\/p>\n<p>L&#8217;atelier de deux jours vise \u00e0 se concerter sur le ph\u00e9nom\u00e8ne du vol du b\u00e9tail et \u00e0 d\u00e9velopper un m\u00e9canisme de lutte contre ce fl\u00e9au, tant au niveau national que transfrontalier, ainsi qu&#8217;\u00e0 identifier et \u00e9tudier les r\u00e9f\u00e9rences religieuses islamiques et les pratiques sociales ou communautaires relatives \u00e0 la propri\u00e9t\u00e9 du b\u00e9tail, aux sanctions, en cas de vol, et aux principes d&#8217;indemnisation des dommages subis.<\/p>\n<p>Dans un discours prononc\u00e9 \u00e0 cette occasion, le ministre de l\u2019\u00e9levage a expliqu\u00e9 que cet atelier sur le vol du b\u00e9tail par certains gangs professionnels est devenu une question aux implications sociales, \u00e9conomiques et s\u00e9curitaires majeures.<\/p>\n<p>Il a indiqu\u00e9 que l&#8217;organisation de cet atelier s&#8217;inscrit dans le cadre des efforts continus du d\u00e9partement de l\u2019\u00e9levage pour d\u00e9velopper le secteur, conform\u00e9ment aux directives de Son Excellence le Pr\u00e9sident de la R\u00e9publique, M. Mohamed Ould Cheikh El-Ghazouani.<\/p>\n<p>Le ministre de l\u2019\u00e9levage a ajout\u00e9 que tout le monde devrait penser \u00e0 \u00e9tablir un m\u00e9canisme pour renforcer la coop\u00e9ration entre les autorit\u00e9s comp\u00e9tentes afin d&#8217;\u00e9laborer des strat\u00e9gies et des plans efficaces pour lutter contre ce ph\u00e9nom\u00e8ne en adoptant un syst\u00e8me juridique et r\u00e9glementaire dissuasif, en plus d&#8217;une sensibilisation accrue sur la n\u00e9cessit\u00e9 d&#8217;unir les efforts pour faire face \u00e0 ce fl\u00e9au.<\/p>\n<p>Il a salu\u00e9 les efforts d\u00e9ploy\u00e9s pour am\u00e9liorer l&#8217;arsenal juridique, fournir de l&#8217;eau aux \u00e9leveurs, construire des \u00e9tables pour am\u00e9liorer les races, organiser des campagnes de vaccination, cr\u00e9er des fermes fourrag\u00e8res, prot\u00e9ger les p\u00e2turages des incendies saisonniers, et soutenir et faciliter l&#8217;investissement priv\u00e9 dans le secteur.<\/p>\n<p>Le ministre a ajout\u00e9 que les changements climatiques et les d\u00e9fis s\u00e9curitaires que conna\u00eet le monde en g\u00e9n\u00e9ral, et la Mauritanie en particulier, appellent \u00e0 r\u00e9fl\u00e9chir \u00e0 des m\u00e9thodes de d\u00e9veloppement de l&#8217;\u00e9levage plus efficaces et plus s\u00fbres pour assurer son utilisation en tant que pilier essentiel du syst\u00e8me \u00e9conomique et social.<\/p>\n<p>Pour sa part, le Pr\u00e9sident de la F\u00e9d\u00e9ration Nationale de l&#8217;Elevage, M. Moustapha Ould Abdallah, a soulign\u00e9 l&#8217;importance de la tenue de cet atelier de concertation sur le ph\u00e9nom\u00e8ne du vol de b\u00e9tail qui a pris une telle ampleur qu&#8217;il ne menace plus le cheptel mais plut\u00f4t la s\u00e9curit\u00e9 et la paix civile dans les diff\u00e9rentes r\u00e9gions du pays.<\/p>\n<p>Il a ajout\u00e9 que la F\u00e9d\u00e9ration appr\u00e9cie les grandes avanc\u00e9es r\u00e9alis\u00e9es par le d\u00e9partement pour d\u00e9velopper et moderniser l&#8217;\u00e9levage et ses d\u00e9riv\u00e9s, que ce soit en termes d&#8217;approvisionnement en points d&#8217;eau pastoraux et en fourrage, de cr\u00e9ation d&#8217;\u00e9tables et d&#8217;autres infrastructures, d&#8217;organisation de campagnes de vaccination et de lutte contre les feux de brousse pour pr\u00e9server les p\u00e2turages et lancement du premier recensement du b\u00e9tail du genre dans le pays.<\/p>\n<p>Malgr\u00e9 ces avanc\u00e9es significatives, les \u00e9leveurs subissent depuis de nombreuses ann\u00e9es un ph\u00e9nom\u00e8ne tr\u00e8s grave et tr\u00e8s r\u00e9pandu, \u00e0 savoir le pillage massif de leur b\u00e9tail par des groupes et des bandes de voleurs \u00e0 l&#8217;int\u00e9rieur et \u00e0 l&#8217;ext\u00e9rieur du pays.<\/p>\n<p>Il a d\u00e9clar\u00e9 que la r\u00e9ponse rapide du secteur \u00e0 l&#8217;organisation de cet atelier est une expression sinc\u00e8re de la r\u00e9ceptivit\u00e9 \u00e0 tous les efforts qui contribueraient au d\u00e9veloppement et \u00e0 la pr\u00e9servation de ce secteur et \u00e0 l&#8217;augmentation de ses performances \u00e9conomiques et sociales.<\/p>\n<p>Il a appel\u00e9 \u00e0 une mobilisation g\u00e9n\u00e9rale pour s&#8217;engager dans la nouvelle strat\u00e9gie nationale en participant avec plus de conscience et de vigilance afin de renforcer la coop\u00e9ration et la coordination entre le gouvernement, le secteur priv\u00e9 et la soci\u00e9t\u00e9 civile pour prot\u00e9ger le b\u00e9tail de mani\u00e8re plus efficace.<\/p>\n<p>L&#8217;atelier a \u00e9t\u00e9 ouvert en pr\u00e9sence du Ministre de l\u2019Hydraulique et de l&#8217;Assainissement, M. Ismail Ould Abdel Vettah, du pr\u00e9sident du Haut Conseil de la Fatwa et des Recours Gracieux, du Secr\u00e9taire G\u00e9n\u00e9ral du Minist\u00e8re de l\u2019Elevage, du pr\u00e9sident de l\u2019Union du Patronat Mauritanien ainsi que de repr\u00e9sentants d\u2019associations et d\u2019organisations pastorales.<\/p>\n<p>&nbsp;<\/p>\n","protected":false},"excerpt":{"rendered":"<p>Le ministre du d\u00e9veloppement animal, M. Ahmedeit Ould Cheine, a supervis\u00e9, lundi, au si\u00e8ge de la F\u00e9d\u00e9ration nationale de l\u2019\u00e9levage, \u00e0 Nouakchott, l&#8217;ouverture d&#8217;un atelier sur l\u2019assurance du b\u00e9tail. L&#8217;atelier de deux jours vise \u00e0 se concerter sur le ph\u00e9nom\u00e8ne du vol du b\u00e9tail et \u00e0 d\u00e9velopper un m\u00e9canisme de lutte contre ce fl\u00e9au, tant [&hellip;]<\/p>\n","protected":false},"author":13,"featured_media":245388,"comment_status":"open","ping_status":"open","sticky":false,"template":"","format":"standard","meta":{"footnotes":""},"categories":[63920,63919,63957,63959,63927],"tags":[],"class_list":["post-245387","post","type-post","status-publish","format-standard","has-post-thumbnail","hentry","category-a-la-une","category-choix-du-redacteur","category-fil-dactualite","category-mauritanie","category-slider-mauritanie"],"_links":{"self":[{"href":"https:\/\/ami.mr\/fr\/wp-json\/wp\/v2\/posts\/245387","targetHints":{"allow":["GET"]}}],"collection":[{"href":"https:\/\/ami.mr\/fr\/wp-json\/wp\/v2\/posts"}],"about":[{"href":"https:\/\/ami.mr\/fr\/wp-json\/wp\/v2\/types\/post"}],"author":[{"embeddable":true,"href":"https:\/\/ami.mr\/fr\/wp-json\/wp\/v2\/users\/13"}],"replies":[{"embeddable":true,"href":"https:\/\/ami.mr\/fr\/wp-json\/wp\/v2\/comments?post=245387"}],"version-history":[{"count":1,"href":"https:\/\/ami.mr\/fr\/wp-json\/wp\/v2\/posts\/245387\/revisions"}],"predecessor-version":[{"id":245389,"href":"https:\/\/ami.mr\/fr\/wp-json\/wp\/v2\/posts\/245387\/revisions\/245389"}],"wp:featuredmedia":[{"embeddable":true,"href":"https:\/\/ami.mr\/fr\/wp-json\/wp\/v2\/media\/245388"}],"wp:attachment":[{"href":"https:\/\/ami.mr\/fr\/wp-json\/wp\/v2\/media?parent=245387"}],"wp:term":[{"taxonomy":"category","embeddable":true,"href":"https:\/\/ami.mr\/fr\/wp-json\/wp\/v2\/categories?post=245387"},{"taxonomy":"post_tag","embeddable":true,"href":"https:\/\/ami.mr\/fr\/wp-json\/wp\/v2\/tags?post=245387"}],"curies":[{"name":"wp","href":"https:\/\/api.w.org\/{rel}","templated":true}]}}